{"id":9767,"date":"2023-04-12T13:11:46","date_gmt":"2023-04-12T11:11:46","guid":{"rendered":"https:\/\/www.bastel-bastel.de\/blog\/?p=9767"},"modified":"2023-04-12T13:11:47","modified_gmt":"2023-04-12T11:11:47","slug":"jochens-wetterblog-am-13-4-2023","status":"publish","type":"post","link":"https:\/\/www.bastel-bastel.de\/blog\/index.php\/2023\/04\/12\/jochens-wetterblog-am-13-4-2023\/","title":{"rendered":"Jochens Wetterblog am 13.4.2023"},"content":{"rendered":"\n<figure class=\"wp-block-image size-large\"><img loading=\"lazy\" decoding=\"async\" width=\"768\" height=\"1024\" src=\"https:\/\/www.bastel-bastel.de\/blog\/wp-content\/uploads\/2023\/04\/20230402_193029-768x1024.jpg\" alt=\"\" class=\"wp-image-9768\" srcset=\"https:\/\/www.bastel-bastel.de\/blog\/wp-content\/uploads\/2023\/04\/20230402_193029-768x1024.jpg 768w, https:\/\/www.bastel-bastel.de\/blog\/wp-content\/uploads\/2023\/04\/20230402_193029-225x300.jpg 225w, https:\/\/www.bastel-bastel.de\/blog\/wp-content\/uploads\/2023\/04\/20230402_193029-1152x1536.jpg 1152w, https:\/\/www.bastel-bastel.de\/blog\/wp-content\/uploads\/2023\/04\/20230402_193029-1536x2048.jpg 1536w, https:\/\/www.bastel-bastel.de\/blog\/wp-content\/uploads\/2023\/04\/20230402_193029-scaled.jpg 1920w\" sizes=\"auto, (max-width: 768px) 100vw, 768px\" \/><\/figure>\n\n\n\n<p><strong>R\u00fcckblick<\/strong><\/p>\n\n\n\n<p>Die zur\u00fcckliegenden N\u00e4chte waren ziemlich frisch. <br>Am Mittwoch lagen die Tiefstwerte bei -3 \u00b0C und auch am Donnerstag gab es noch etwas Frost.<br>Tags\u00fcber stiegen die Temperaturen rasch auf zweistellige Werte und am Ostermontag wurden beinahe 20 \u00b0C erreicht.<br>Es war durchgehend windig und in B\u00f6en wurden bis 49km\/h gemessen. <br>Im Schatten f\u00fchlte es sich dadurch deutlich k\u00fchler an, w\u00e4hrend es in der Sonne schon richtig warm war.<br><br>Regen fiel am Freitag und Dienstag, insgesamt gab es 6l\/qm Niederschlag. Die anderen Tage blieben trocken.<br>Der Samstag war ziemlich bew\u00f6lkt und schaffte es nur auf 2 Sonnenstunden. Die restliche Woche zeigte sich freundlicher. <br>\u00dcber 11 Sonnenstunden gab es am Mittwoch und am Ostermontag wurden es auch knapp 11 Stunden Sonnenschein. Insgesamt konnte man sich in der Osterwoche \u00fcber 51 Stunden Sonne freuen.<br>Zusammengefasst also eine Woche mit recht ruhigem Aprilwetter mit viel Wechsel zwischen Sonne und Wolken, ohne besondere Wettervorkommnisse.<\/p>\n\n\n\n<p><strong>Ausblick<\/strong><\/p>\n\n\n\n<p>Die N\u00e4chte bleiben kalt, die Tiefstwerte sollen bei 1 \u00b0C bis 4 \u00b0C liegen. Tags\u00fcber steigen die Temperaturen bis 14 \u00b0C. Das Wochenende soll regnerisch werden. Am Freitag soll ab und zu die Sonne vorbeischauen und ab Montag kann es trockener und fr\u00fchlingshafter werden.<\/p>\n","protected":false},"excerpt":{"rendered":"<p>R\u00fcckblick Die zur\u00fcckliegenden N\u00e4chte waren ziemlich frisch. Am Mittwoch lagen die Tiefstwerte bei -3 \u00b0C und auch am Donnerstag gab<\/p>\n","protected":false},"author":1,"featured_media":0,"comment_status":"open","ping_status":"","sticky":false,"template":"","format":"standard","meta":{"footnotes":""},"categories":[21],"tags":[],"class_list":["post-9767","post","type-post","status-publish","format-standard","hentry","category-wetter-der-blog-zu-www-ingersheimwetter-de"],"_links":{"self":[{"href":"https:\/\/www.bastel-bastel.de\/blog\/index.php\/wp-json\/wp\/v2\/posts\/9767","targetHints":{"allow":["GET"]}}],"collection":[{"href":"https:\/\/www.bastel-bastel.de\/blog\/index.php\/wp-json\/wp\/v2\/posts"}],"about":[{"href":"https:\/\/www.bastel-bastel.de\/blog\/index.php\/wp-json\/wp\/v2\/types\/post"}],"author":[{"embeddable":true,"href":"https:\/\/www.bastel-bastel.de\/blog\/index.php\/wp-json\/wp\/v2\/users\/1"}],"replies":[{"embeddable":true,"href":"https:\/\/www.bastel-bastel.de\/blog\/index.php\/wp-json\/wp\/v2\/comments?post=9767"}],"version-history":[{"count":1,"href":"https:\/\/www.bastel-bastel.de\/blog\/index.php\/wp-json\/wp\/v2\/posts\/9767\/revisions"}],"predecessor-version":[{"id":9769,"href":"https:\/\/www.bastel-bastel.de\/blog\/index.php\/wp-json\/wp\/v2\/posts\/9767\/revisions\/9769"}],"wp:attachment":[{"href":"https:\/\/www.bastel-bastel.de\/blog\/index.php\/wp-json\/wp\/v2\/media?parent=9767"}],"wp:term":[{"taxonomy":"category","embeddable":true,"href":"https:\/\/www.bastel-bastel.de\/blog\/index.php\/wp-json\/wp\/v2\/categories?post=9767"},{"taxonomy":"post_tag","embeddable":true,"href":"https:\/\/www.bastel-bastel.de\/blog\/index.php\/wp-json\/wp\/v2\/tags?post=9767"}],"curies":[{"name":"wp","href":"https:\/\/api.w.org\/{rel}","templated":true}]}}