{"id":9714,"date":"2023-03-29T12:20:38","date_gmt":"2023-03-29T10:20:38","guid":{"rendered":"https:\/\/www.bastel-bastel.de\/blog\/?p=9714"},"modified":"2023-03-31T15:27:22","modified_gmt":"2023-03-31T13:27:22","slug":"9714","status":"publish","type":"post","link":"https:\/\/www.bastel-bastel.de\/blog\/index.php\/2023\/03\/29\/9714\/","title":{"rendered":"Jochens Wetterblog am 29.3.2023"},"content":{"rendered":"\n<figure class=\"wp-block-image size-large\"><img loading=\"lazy\" decoding=\"async\" width=\"768\" height=\"1024\" src=\"https:\/\/www.bastel-bastel.de\/blog\/wp-content\/uploads\/2023\/03\/20230322_102643-768x1024.jpg\" alt=\"\" class=\"wp-image-9715\" srcset=\"https:\/\/www.bastel-bastel.de\/blog\/wp-content\/uploads\/2023\/03\/20230322_102643-768x1024.jpg 768w, https:\/\/www.bastel-bastel.de\/blog\/wp-content\/uploads\/2023\/03\/20230322_102643-225x300.jpg 225w, https:\/\/www.bastel-bastel.de\/blog\/wp-content\/uploads\/2023\/03\/20230322_102643-1152x1536.jpg 1152w, https:\/\/www.bastel-bastel.de\/blog\/wp-content\/uploads\/2023\/03\/20230322_102643-1536x2048.jpg 1536w, https:\/\/www.bastel-bastel.de\/blog\/wp-content\/uploads\/2023\/03\/20230322_102643-scaled.jpg 1920w\" sizes=\"auto, (max-width: 768px) 100vw, 768px\" \/><\/figure>\n\n\n\n<p><strong>R\u00fcckblick<\/strong><\/p>\n\n\n\n<p>Aprilwetter im M\u00e4rz. Die letzten Tage ging es mit dem Wetter auf und ab.<br>20 \u00b0C am Mittwoch, 10 Sonnenstunden und blauer Himmel. <br>Am Donnerstag gab es dann nur noch Wolken und maximal 16 \u00b0C.<br>Am Freitag schaffte es die Sonne kaum 1 Stunde durch die Wolkendecke, am Samstag waren es dann schon wieder 5 Stunden und am Dienstag wurden es knapp 10 Stunden Sonnenschein.&nbsp; <br>Die Gesamtwoche kam damit auf 33 Sonnenstunden.<br>Der Wind erreichte am Samstag in B\u00f6en bis 68 km\/h.<br>Ab Freitag fiel jeden Tag etwas Regen. Insgesamt wurden es 15l \/qm.<br>Damit sind im M\u00e4rz mittlerweile 70 % mehr Niederschlag gefallen, als im langj\u00e4hrigen Durchschnitt f\u00fcr einen M\u00e4rz \u00fcblich ist.<br>Bis Montag sanken die Tagesh\u00f6chsttemperaturen auf 8 \u00b0C und am Dienstag fr\u00fch herrschte sogar mit -2 \u00b0C leichter Frost.<br>Im Schnitt war der M\u00e4rz 2 Grad zu warm.<br>In der Natur sieht man schon deutlich, dass Fr\u00fchling ist. Jeden Tag gibt es mehr Gr\u00fcn und \u00fcberall bl\u00fcht es.<\/p>\n\n\n\n<p><strong>Ausblick<\/strong><br>Die n\u00e4chsten Tage werden wenig fr\u00fchlingshaft:<br>Viele Wolken, wenig Sonne. Wechselhaft und immer wieder Regen. Starker Wind, teilweise st\u00fcrmisch und auch Gewitter sind m\u00f6glich.<br>Die Temperaturen erreichen tags\u00fcber bis 14 \u00b0C, nachts gehen die Werte auf 9 \u00b0C zur\u00fcck. <br>Ab Sonntag soll es k\u00fchler werden.<\/p>\n","protected":false},"excerpt":{"rendered":"<p>R\u00fcckblick Aprilwetter im M\u00e4rz. Die letzten Tage ging es mit dem Wetter auf und ab.20 \u00b0C am Mittwoch, 10 Sonnenstunden<\/p>\n","protected":false},"author":1,"featured_media":0,"comment_status":"open","ping_status":"","sticky":false,"template":"","format":"standard","meta":{"footnotes":""},"categories":[21],"tags":[],"class_list":["post-9714","post","type-post","status-publish","format-standard","hentry","category-wetter-der-blog-zu-www-ingersheimwetter-de"],"_links":{"self":[{"href":"https:\/\/www.bastel-bastel.de\/blog\/index.php\/wp-json\/wp\/v2\/posts\/9714","targetHints":{"allow":["GET"]}}],"collection":[{"href":"https:\/\/www.bastel-bastel.de\/blog\/index.php\/wp-json\/wp\/v2\/posts"}],"about":[{"href":"https:\/\/www.bastel-bastel.de\/blog\/index.php\/wp-json\/wp\/v2\/types\/post"}],"author":[{"embeddable":true,"href":"https:\/\/www.bastel-bastel.de\/blog\/index.php\/wp-json\/wp\/v2\/users\/1"}],"replies":[{"embeddable":true,"href":"https:\/\/www.bastel-bastel.de\/blog\/index.php\/wp-json\/wp\/v2\/comments?post=9714"}],"version-history":[{"count":1,"href":"https:\/\/www.bastel-bastel.de\/blog\/index.php\/wp-json\/wp\/v2\/posts\/9714\/revisions"}],"predecessor-version":[{"id":9733,"href":"https:\/\/www.bastel-bastel.de\/blog\/index.php\/wp-json\/wp\/v2\/posts\/9714\/revisions\/9733"}],"wp:attachment":[{"href":"https:\/\/www.bastel-bastel.de\/blog\/index.php\/wp-json\/wp\/v2\/media?parent=9714"}],"wp:term":[{"taxonomy":"category","embeddable":true,"href":"https:\/\/www.bastel-bastel.de\/blog\/index.php\/wp-json\/wp\/v2\/categories?post=9714"},{"taxonomy":"post_tag","embeddable":true,"href":"https:\/\/www.bastel-bastel.de\/blog\/index.php\/wp-json\/wp\/v2\/tags?post=9714"}],"curies":[{"name":"wp","href":"https:\/\/api.w.org\/{rel}","templated":true}]}}