{"id":9664,"date":"2023-03-15T12:44:12","date_gmt":"2023-03-15T11:44:12","guid":{"rendered":"https:\/\/www.bastel-bastel.de\/blog\/?p=9664"},"modified":"2023-03-15T12:44:13","modified_gmt":"2023-03-15T11:44:13","slug":"jochens-wetterblog-am-16-3-2023","status":"publish","type":"post","link":"https:\/\/www.bastel-bastel.de\/blog\/index.php\/2023\/03\/15\/jochens-wetterblog-am-16-3-2023\/","title":{"rendered":"Jochens Wetterblog am 16.3.2023"},"content":{"rendered":"\n<figure class=\"wp-block-image size-large\"><img loading=\"lazy\" decoding=\"async\" width=\"768\" height=\"1024\" src=\"https:\/\/www.bastel-bastel.de\/blog\/wp-content\/uploads\/2023\/03\/20230315_wetter-768x1024.jpg\" alt=\"\" class=\"wp-image-9665\" srcset=\"https:\/\/www.bastel-bastel.de\/blog\/wp-content\/uploads\/2023\/03\/20230315_wetter-768x1024.jpg 768w, https:\/\/www.bastel-bastel.de\/blog\/wp-content\/uploads\/2023\/03\/20230315_wetter-225x300.jpg 225w, https:\/\/www.bastel-bastel.de\/blog\/wp-content\/uploads\/2023\/03\/20230315_wetter-1152x1536.jpg 1152w, https:\/\/www.bastel-bastel.de\/blog\/wp-content\/uploads\/2023\/03\/20230315_wetter-1536x2048.jpg 1536w, https:\/\/www.bastel-bastel.de\/blog\/wp-content\/uploads\/2023\/03\/20230315_wetter-scaled.jpg 1920w\" sizes=\"auto, (max-width: 768px) 100vw, 768px\" \/><\/figure>\n\n\n\n<p><strong>R\u00fcckblick<\/strong><\/p>\n\n\n\n<p>Aprilwetter im M\u00e4rz. <br>Die letzte Woche war wirklich alles drin. Sonne, Wolken, Starkregen, Sturm, Frost und Gewitter.<\/p>\n\n\n\n<p>Von Mittwoch bis Freitag zeigte sich die Sonne kaum.<br>Daf\u00fcr gab es viel Niederschlag. 12l\/qm am Mittwoch, 8 l\/qm am Donnerstag und auch am Freitag regnete es noch 4l\/qm. <br>Am Samstag war es dann recht freundlich. Es blieb trocken und die Sonne schien fast 6 Stunden. <br>Morgens herrschte mit -2 \u00b0C leichter Frost und tags\u00fcber wurde es mit maximal 7 \u00b0C kaum w\u00e4rmer. <br>Am Sonntag sank das Thermometer morgens sogar auf -3 \u00b0C. Die Sonne schaffte es nur 2 Stunden durch die Wolken. <br>Am Montag ging es dagegen mit \u00fcber 20 \u00b0C in Richtung Fr\u00fchling. Dabei gab es 5 Sonnenstunden. <br>Abends zogen aber schon wieder Gewitter mit Starkregen, Blitz und Donner \u00fcber uns hinweg. <br>Es fielen nochmal 15 l\/qm. \u00dcber die Woche kamen damit 42l\/qm zusammen. <br>Es war die ganze Woche ziemlich windig und am Dienstag erreichten die B\u00f6en mit \u00fcber 87 km\/h sogar Sturmst\u00e4rke.<\/p>\n\n\n\n<p><strong>Ausblick<\/strong><\/p>\n\n\n\n<p>Die n\u00e4chsten Tage werden bew\u00f6lkt, aber es soll trocken bleiben. Der Wind l\u00e4sst nach und die Temperaturen k\u00f6nnen am Freitag bis \u00fcber 20 \u00b0C erreichen. Am Sonntag wird es dann wieder windiger und k\u00fchler.<\/p>\n","protected":false},"excerpt":{"rendered":"<p>R\u00fcckblick Aprilwetter im M\u00e4rz. Die letzte Woche war wirklich alles drin. Sonne, Wolken, Starkregen, Sturm, Frost und Gewitter. Von Mittwoch<\/p>\n","protected":false},"author":1,"featured_media":0,"comment_status":"open","ping_status":"","sticky":false,"template":"","format":"standard","meta":{"footnotes":""},"categories":[21],"tags":[],"class_list":["post-9664","post","type-post","status-publish","format-standard","hentry","category-wetter-der-blog-zu-www-ingersheimwetter-de"],"_links":{"self":[{"href":"https:\/\/www.bastel-bastel.de\/blog\/index.php\/wp-json\/wp\/v2\/posts\/9664","targetHints":{"allow":["GET"]}}],"collection":[{"href":"https:\/\/www.bastel-bastel.de\/blog\/index.php\/wp-json\/wp\/v2\/posts"}],"about":[{"href":"https:\/\/www.bastel-bastel.de\/blog\/index.php\/wp-json\/wp\/v2\/types\/post"}],"author":[{"embeddable":true,"href":"https:\/\/www.bastel-bastel.de\/blog\/index.php\/wp-json\/wp\/v2\/users\/1"}],"replies":[{"embeddable":true,"href":"https:\/\/www.bastel-bastel.de\/blog\/index.php\/wp-json\/wp\/v2\/comments?post=9664"}],"version-history":[{"count":1,"href":"https:\/\/www.bastel-bastel.de\/blog\/index.php\/wp-json\/wp\/v2\/posts\/9664\/revisions"}],"predecessor-version":[{"id":9666,"href":"https:\/\/www.bastel-bastel.de\/blog\/index.php\/wp-json\/wp\/v2\/posts\/9664\/revisions\/9666"}],"wp:attachment":[{"href":"https:\/\/www.bastel-bastel.de\/blog\/index.php\/wp-json\/wp\/v2\/media?parent=9664"}],"wp:term":[{"taxonomy":"category","embeddable":true,"href":"https:\/\/www.bastel-bastel.de\/blog\/index.php\/wp-json\/wp\/v2\/categories?post=9664"},{"taxonomy":"post_tag","embeddable":true,"href":"https:\/\/www.bastel-bastel.de\/blog\/index.php\/wp-json\/wp\/v2\/tags?post=9664"}],"curies":[{"name":"wp","href":"https:\/\/api.w.org\/{rel}","templated":true}]}}