{"id":950,"date":"2018-07-25T14:00:52","date_gmt":"2018-07-25T12:00:52","guid":{"rendered":"https:\/\/www.bastel-bastel.de\/blog\/?p=950"},"modified":"2018-07-25T14:00:52","modified_gmt":"2018-07-25T12:00:52","slug":"jochens-wetterblog-am-26-7-2018","status":"publish","type":"post","link":"https:\/\/www.bastel-bastel.de\/blog\/index.php\/2018\/07\/25\/jochens-wetterblog-am-26-7-2018\/","title":{"rendered":"Jochens Wetterblog am 26.7.2018"},"content":{"rendered":"<p><strong>R\u00fcckblick<\/strong><br \/>\n<a href=\"https:\/\/www.bastel-bastel.de\/blog\/wp-content\/uploads\/2018\/07\/IMG_20180720_152217.jpg\"><img loading=\"lazy\" decoding=\"async\" class=\"size-medium wp-image-951\" src=\"https:\/\/www.bastel-bastel.de\/blog\/wp-content\/uploads\/2018\/07\/IMG_20180720_152217-225x300.jpg\" alt=\"\" width=\"225\" height=\"300\" \/><\/a><br \/>\nEs war wieder eine hei\u00dfe Woche. Von Mittwoch bis Freitag stiegen die Temperaturen auf deutlich \u00fcber 30\u00b0C. Samstag und Sonntag waren mit &#8222;nur 23\u00b0C etwas k\u00fchler. Am Sonntag zog ein Gewitter durch und brachte heftigen Regen mit knapp 13l\/qm. Ab Montag durfte man dann wieder bei viel Sonnenschein und Temperaturen bis 33\u00b0C schwitzen. Die Sonne zeigte sich t\u00e4glich \u00fcber 10 Stunden, nur am Wochenende versteckte sie sich hinter Wolken. Der Wind war nur schwach. Trotz des Gewitters am Sonntag ist es aktuell bei uns zu trocken. Aber kein Vergleich zu anderen Gegenden. In Ostdeutschland herrschen mediterrane Verh\u00e4ltnisse und das Getreide w\u00e4chst nicht mehr. In Schweden und Griechenland brennen die W\u00e4lder und am Polarkreis liegt die Temperatur bei \u00fcber 30\u00b0C.<br \/>\n&nbsp;<br \/>\n<strong>Aussicht<\/strong><br \/>\nAbk\u00fchlung ist nicht in Sicht. Die Hitze bleibt uns bis auf Weiteres erhalten. Bis Mitte n\u00e4chster Woche zeigt die Vorhersage f\u00fcr jeden Tag \u00fcber 30\u00b0C an. Dabei gibt es viel Sonne. Niederschlag ist nicht angek\u00fcndigt. Bei der Hitze kann es allerdings auch einzelne Hitzegewitter geben. Bei einem UV-Index 7 sollte man sich m\u00f6glichst nur im Schatten aufhalten und gut vor der Sonne sch\u00fctzen.<\/p>\n","protected":false},"excerpt":{"rendered":"<p>R\u00fcckblick Es war wieder eine hei\u00dfe Woche. Von Mittwoch bis Freitag stiegen die Temperaturen auf deutlich \u00fcber 30\u00b0C. Samstag und<\/p>\n","protected":false},"author":1,"featured_media":0,"comment_status":"closed","ping_status":"closed","sticky":false,"template":"","format":"standard","meta":{"footnotes":""},"categories":[21],"tags":[105,108,176,207,212],"class_list":["post-950","post","type-post","status-publish","format-standard","hentry","category-wetter-der-blog-zu-www-ingersheimwetter-de","tag-heiss","tag-hitze","tag-sommer","tag-waerme","tag-wetter","comments-off"],"_links":{"self":[{"href":"https:\/\/www.bastel-bastel.de\/blog\/index.php\/wp-json\/wp\/v2\/posts\/950","targetHints":{"allow":["GET"]}}],"collection":[{"href":"https:\/\/www.bastel-bastel.de\/blog\/index.php\/wp-json\/wp\/v2\/posts"}],"about":[{"href":"https:\/\/www.bastel-bastel.de\/blog\/index.php\/wp-json\/wp\/v2\/types\/post"}],"author":[{"embeddable":true,"href":"https:\/\/www.bastel-bastel.de\/blog\/index.php\/wp-json\/wp\/v2\/users\/1"}],"replies":[{"embeddable":true,"href":"https:\/\/www.bastel-bastel.de\/blog\/index.php\/wp-json\/wp\/v2\/comments?post=950"}],"version-history":[{"count":0,"href":"https:\/\/www.bastel-bastel.de\/blog\/index.php\/wp-json\/wp\/v2\/posts\/950\/revisions"}],"wp:attachment":[{"href":"https:\/\/www.bastel-bastel.de\/blog\/index.php\/wp-json\/wp\/v2\/media?parent=950"}],"wp:term":[{"taxonomy":"category","embeddable":true,"href":"https:\/\/www.bastel-bastel.de\/blog\/index.php\/wp-json\/wp\/v2\/categories?post=950"},{"taxonomy":"post_tag","embeddable":true,"href":"https:\/\/www.bastel-bastel.de\/blog\/index.php\/wp-json\/wp\/v2\/tags?post=950"}],"curies":[{"name":"wp","href":"https:\/\/api.w.org\/{rel}","templated":true}]}}