{"id":9293,"date":"2023-01-11T12:55:18","date_gmt":"2023-01-11T11:55:18","guid":{"rendered":"https:\/\/www.bastel-bastel.de\/blog\/?p=9293"},"modified":"2023-01-11T12:55:19","modified_gmt":"2023-01-11T11:55:19","slug":"jochens-wetterblog-am-12-1-2023","status":"publish","type":"post","link":"https:\/\/www.bastel-bastel.de\/blog\/index.php\/2023\/01\/11\/jochens-wetterblog-am-12-1-2023\/","title":{"rendered":"Jochens Wetterblog am 12.1.2023"},"content":{"rendered":"\n<figure class=\"wp-block-image size-large\"><img loading=\"lazy\" decoding=\"async\" width=\"682\" height=\"1024\" src=\"https:\/\/www.bastel-bastel.de\/blog\/wp-content\/uploads\/2021\/10\/IMG_5330-682x1024.jpg\" alt=\"\" class=\"wp-image-5363\" srcset=\"https:\/\/www.bastel-bastel.de\/blog\/wp-content\/uploads\/2021\/10\/IMG_5330-682x1024.jpg 682w, https:\/\/www.bastel-bastel.de\/blog\/wp-content\/uploads\/2021\/10\/IMG_5330-200x300.jpg 200w, https:\/\/www.bastel-bastel.de\/blog\/wp-content\/uploads\/2021\/10\/IMG_5330-768x1152.jpg 768w, https:\/\/www.bastel-bastel.de\/blog\/wp-content\/uploads\/2021\/10\/IMG_5330-1024x1536.jpg 1024w, https:\/\/www.bastel-bastel.de\/blog\/wp-content\/uploads\/2021\/10\/IMG_5330.jpg 1333w\" sizes=\"auto, (max-width: 682px) 100vw, 682px\" \/><\/figure>\n\n\n\n<p><strong>R\u00fcckblick<\/strong><\/p>\n\n\n\n<p>Richtiges Winterwetter ist das nicht, was uns die Natur in der letzten Woche bescherte.<br>Die Temperaturen stiegen tags\u00fcber bis auf 12 \u00b0C, nachts k\u00fchlte es am Mittwoch auf 1 \u00b0C ab. <br>Die anderen N\u00e4chte waren mit 4 \u00b0C bis 8 \u00b0C deutlich w\u00e4rmer. <br>Selbst in den Skigebieten waren die Temperaturen eher fr\u00fchlingshaft.<br>Die Sonne zeigte sich fast \u00fcberhaupt nicht. Nur am Dienstag gab es \u00fcber 2 Stunden Sonnenschein. <br>In der ganzen Woche kamen gerade einmal 8 Sonnenstunden zusammen. <br>Es war \u00fcberwiegend tr\u00fcbe und bew\u00f6lkt.<br>Der Wind erreichte in B\u00f6en 46 km\/h<br>Es war ziemlich nass. Immer wieder regnete es. Insgesamt fielen 12 Liter pro Quadratmeter Niederschlag.<\/p>\n\n\n\n<p><strong>Ausblick<\/strong><br>Es geht regnerisch, grau, windig und wechselhaft weiter. Bis zum Wochenende bleibt uns das Schmuddelwetter erhalten. <br>Tags\u00fcber kann es bis 10 \u00b0C warm werden, nachts k\u00fchlt es auf Werte um 6 \u00b0C ab.<br>Ab Sonntag soll uns aber eine Kaltfront erreichen. <br>Dann sind auch wieder Temperaturen um den Gefrierpunkt m\u00f6glich.<\/p>\n","protected":false},"excerpt":{"rendered":"<p>R\u00fcckblick Richtiges Winterwetter ist das nicht, was uns die Natur in der letzten Woche bescherte.Die Temperaturen stiegen tags\u00fcber bis auf<\/p>\n","protected":false},"author":1,"featured_media":0,"comment_status":"open","ping_status":"","sticky":false,"template":"","format":"standard","meta":{"footnotes":""},"categories":[21],"tags":[],"class_list":["post-9293","post","type-post","status-publish","format-standard","hentry","category-wetter-der-blog-zu-www-ingersheimwetter-de"],"_links":{"self":[{"href":"https:\/\/www.bastel-bastel.de\/blog\/index.php\/wp-json\/wp\/v2\/posts\/9293","targetHints":{"allow":["GET"]}}],"collection":[{"href":"https:\/\/www.bastel-bastel.de\/blog\/index.php\/wp-json\/wp\/v2\/posts"}],"about":[{"href":"https:\/\/www.bastel-bastel.de\/blog\/index.php\/wp-json\/wp\/v2\/types\/post"}],"author":[{"embeddable":true,"href":"https:\/\/www.bastel-bastel.de\/blog\/index.php\/wp-json\/wp\/v2\/users\/1"}],"replies":[{"embeddable":true,"href":"https:\/\/www.bastel-bastel.de\/blog\/index.php\/wp-json\/wp\/v2\/comments?post=9293"}],"version-history":[{"count":1,"href":"https:\/\/www.bastel-bastel.de\/blog\/index.php\/wp-json\/wp\/v2\/posts\/9293\/revisions"}],"predecessor-version":[{"id":9294,"href":"https:\/\/www.bastel-bastel.de\/blog\/index.php\/wp-json\/wp\/v2\/posts\/9293\/revisions\/9294"}],"wp:attachment":[{"href":"https:\/\/www.bastel-bastel.de\/blog\/index.php\/wp-json\/wp\/v2\/media?parent=9293"}],"wp:term":[{"taxonomy":"category","embeddable":true,"href":"https:\/\/www.bastel-bastel.de\/blog\/index.php\/wp-json\/wp\/v2\/categories?post=9293"},{"taxonomy":"post_tag","embeddable":true,"href":"https:\/\/www.bastel-bastel.de\/blog\/index.php\/wp-json\/wp\/v2\/tags?post=9293"}],"curies":[{"name":"wp","href":"https:\/\/api.w.org\/{rel}","templated":true}]}}