{"id":928,"date":"2018-06-20T14:44:38","date_gmt":"2018-06-20T12:44:38","guid":{"rendered":"https:\/\/www.bastel-bastel.de\/blog\/?p=928"},"modified":"2018-06-20T14:44:38","modified_gmt":"2018-06-20T12:44:38","slug":"jochens-wetterblog-am-21-6-2018","status":"publish","type":"post","link":"https:\/\/www.bastel-bastel.de\/blog\/index.php\/2018\/06\/20\/jochens-wetterblog-am-21-6-2018\/","title":{"rendered":"Jochens Wetterblog am 21.6.2018"},"content":{"rendered":"<p><strong>R\u00fcckblick<\/strong><a href=\"https:\/\/www.bastel-bastel.de\/blog\/wp-content\/uploads\/2018\/06\/IMG_3162.jpg\"><img loading=\"lazy\" decoding=\"async\" class=\"size-medium wp-image-929 alignright\" src=\"https:\/\/www.bastel-bastel.de\/blog\/wp-content\/uploads\/2018\/06\/IMG_3162-225x300.jpg\" alt=\"\" width=\"225\" height=\"300\" \/><\/a><br \/>\nNach den Kapriolen der Vorwoche zeigte sich das Wetter in den letzten Tagen von seiner ruhigen Seite. Es herrschte ereignisloses Fr\u00fchsommerwetter. Die Temperaturen waren durchweg angenehm mit H\u00f6chstwerten von minimal 18,4\u00b0C am Mittwoch bis\u00a0 maximal 28,2\u00b0C am Dienstag. Nachts sanken die Werte auf milde 11,7\u00b0C bis 16,5\u00b0C. Am Mittwoch war es \u00fcberwiegend stark bew\u00f6lkt, ansonsten gab es einen Wechsel aus Sonne und Wolken, der sonnigste Tag war der Samstag mit \u00fcber 12 Sonnenstunden. Niederschlag fiel die ganze Woche keiner und auch der Wind war nur schwach.<br \/>\n<strong>Ausblick<\/strong><br \/>\nAm Donnerstag steigen die Temperaturen noch einmal auf hei\u00dfe 28\u00b0C. Dann zieht eine Kaltfront herein und bei b\u00f6igem Wind sinken die Temperaturen in der Nacht bis auf 15\u00b0C. Der Freitag ist dann mit maximal 18\u00b0C deutlich k\u00e4lter aber immer noch recht sonnig. Das Wochenende wird wechselhaft mit vielen Wolken bei H\u00f6chstwerten um 19\u00b0C. Die n\u00e4chste Woche bleibt ebenfalls wechselhaft, die Temperaturen steigen aber wieder bis 25\u00b0C und die Sonne zeigt sich l\u00e4nger.<\/p>\n","protected":false},"excerpt":{"rendered":"<p>R\u00fcckblick Nach den Kapriolen der Vorwoche zeigte sich das Wetter in den letzten Tagen von seiner ruhigen Seite. Es herrschte<\/p>\n","protected":false},"author":1,"featured_media":0,"comment_status":"closed","ping_status":"closed","sticky":false,"template":"","format":"standard","meta":{"footnotes":""},"categories":[21],"tags":[108,176,205,212],"class_list":["post-928","post","type-post","status-publish","format-standard","hentry","category-wetter-der-blog-zu-www-ingersheimwetter-de","tag-hitze","tag-sommer","tag-warm","tag-wetter","comments-off"],"_links":{"self":[{"href":"https:\/\/www.bastel-bastel.de\/blog\/index.php\/wp-json\/wp\/v2\/posts\/928","targetHints":{"allow":["GET"]}}],"collection":[{"href":"https:\/\/www.bastel-bastel.de\/blog\/index.php\/wp-json\/wp\/v2\/posts"}],"about":[{"href":"https:\/\/www.bastel-bastel.de\/blog\/index.php\/wp-json\/wp\/v2\/types\/post"}],"author":[{"embeddable":true,"href":"https:\/\/www.bastel-bastel.de\/blog\/index.php\/wp-json\/wp\/v2\/users\/1"}],"replies":[{"embeddable":true,"href":"https:\/\/www.bastel-bastel.de\/blog\/index.php\/wp-json\/wp\/v2\/comments?post=928"}],"version-history":[{"count":0,"href":"https:\/\/www.bastel-bastel.de\/blog\/index.php\/wp-json\/wp\/v2\/posts\/928\/revisions"}],"wp:attachment":[{"href":"https:\/\/www.bastel-bastel.de\/blog\/index.php\/wp-json\/wp\/v2\/media?parent=928"}],"wp:term":[{"taxonomy":"category","embeddable":true,"href":"https:\/\/www.bastel-bastel.de\/blog\/index.php\/wp-json\/wp\/v2\/categories?post=928"},{"taxonomy":"post_tag","embeddable":true,"href":"https:\/\/www.bastel-bastel.de\/blog\/index.php\/wp-json\/wp\/v2\/tags?post=928"}],"curies":[{"name":"wp","href":"https:\/\/api.w.org\/{rel}","templated":true}]}}