{"id":922,"date":"2018-06-13T12:27:14","date_gmt":"2018-06-13T10:27:14","guid":{"rendered":"https:\/\/www.bastel-bastel.de\/blog\/?p=922"},"modified":"2018-06-13T12:27:14","modified_gmt":"2018-06-13T10:27:14","slug":"jochens-wetterblog-am-14-6-2018","status":"publish","type":"post","link":"https:\/\/www.bastel-bastel.de\/blog\/index.php\/2018\/06\/13\/jochens-wetterblog-am-14-6-2018\/","title":{"rendered":"Jochens Wetterblog am 14.6.2018"},"content":{"rendered":"<p><strong>R\u00fcckblick<a href=\"https:\/\/www.bastel-bastel.de\/blog\/wp-content\/uploads\/2018\/06\/IMG_2932.jpg\"><img loading=\"lazy\" decoding=\"async\" class=\"size-medium wp-image-923 alignright\" src=\"https:\/\/www.bastel-bastel.de\/blog\/wp-content\/uploads\/2018\/06\/IMG_2932-225x300.jpg\" alt=\"\" width=\"225\" height=\"300\" \/><\/a><\/strong><br \/>\nDie letzte Woche fuhr das Wetter wieder Achterbahn.<br \/>\nSommerlich hei\u00dfes Wetter bis \u00fcber 30\u00b0C wechselte sich ab mit heftigsten Gewittern. F\u00fcr jeden Tag der Woche gab es Unwetterwarnungen. Besonders extrem krachte es am Donnerstag. \u00dcber uns lag ein Gewitter das sich 2 Stunden kaum von der Stelle bewegte mit hoher Blitz-Intensit\u00e4t und Starkregen. An ein Gewitter mit \u00e4hnlich langer Dauer und derma\u00dfen vielen Blitzen bei uns im Ort kann ich mich nicht erinnern.<br \/>\nStuttgart schaffte es wegen \u00dcberflutungen sogar in das Heute-Journal. Am Samstag gab es die Unwetterwarnung Violett, die h\u00f6chste Stufe. Schwere Gewitterwolken zogen durch, es gewitterte und go\u00df in Str\u00f6men. Der TV-Empfang \u00fcber Sat war wegen der dicken Wolken zeitweise nicht mehr m\u00f6glich. Die Unwetter trafen diesmal Heilbronn und Umgebung. Das Unterland war Land unter.<br \/>\nSonntag und Montag waren wieder hei\u00df bis an die 30\u00b0C. Am Sonntag gab es \u00fcber 10 Sonnenstunden, der Montag war \u00fcberwiegend bew\u00f6lkt, die Luft war dr\u00fcckend und es gab wieder Unwetterwarnungen. Es blieb aber bis auf ein paar Blitze und etwas Regen ruhig.<br \/>\nDer Dienstag brachte sintflutartigen Regen. Nachmittags fielen in kurzer Zeit knapp 30l\/qm, sp\u00e4ter gab es dazu wieder einige heftige Blitze, allerdings deutlich weniger als am Donnerstag.<br \/>\n&nbsp;<br \/>\n<strong>Ausblick<\/strong><br \/>\nBis zum Wochenende wird es wechselhaft aber trockener und die Gewitter machen Pause. Die Temperaturen steigen nur bis 20\u00b0C, am Samstag bis 25\u00b0C. F\u00fcr den Sonntag sind wieder Gewitter angek\u00fcndigt. Die n\u00e4chste Woche soll dann ruhiger werden.<\/p>\n","protected":false},"excerpt":{"rendered":"<p>R\u00fcckblick Die letzte Woche fuhr das Wetter wieder Achterbahn. Sommerlich hei\u00dfes Wetter bis \u00fcber 30\u00b0C wechselte sich ab mit heftigsten<\/p>\n","protected":false},"author":1,"featured_media":0,"comment_status":"closed","ping_status":"closed","sticky":false,"template":"","format":"standard","meta":{"footnotes":""},"categories":[21],"tags":[52,67,99,178,187,199,217],"class_list":["post-922","post","type-post","status-publish","format-standard","hentry","category-wetter-der-blog-zu-www-ingersheimwetter-de","tag-blitz","tag-donner","tag-gewitter","tag-sonne","tag-sturm","tag-unwetter","tag-wolken","comments-off"],"_links":{"self":[{"href":"https:\/\/www.bastel-bastel.de\/blog\/index.php\/wp-json\/wp\/v2\/posts\/922","targetHints":{"allow":["GET"]}}],"collection":[{"href":"https:\/\/www.bastel-bastel.de\/blog\/index.php\/wp-json\/wp\/v2\/posts"}],"about":[{"href":"https:\/\/www.bastel-bastel.de\/blog\/index.php\/wp-json\/wp\/v2\/types\/post"}],"author":[{"embeddable":true,"href":"https:\/\/www.bastel-bastel.de\/blog\/index.php\/wp-json\/wp\/v2\/users\/1"}],"replies":[{"embeddable":true,"href":"https:\/\/www.bastel-bastel.de\/blog\/index.php\/wp-json\/wp\/v2\/comments?post=922"}],"version-history":[{"count":0,"href":"https:\/\/www.bastel-bastel.de\/blog\/index.php\/wp-json\/wp\/v2\/posts\/922\/revisions"}],"wp:attachment":[{"href":"https:\/\/www.bastel-bastel.de\/blog\/index.php\/wp-json\/wp\/v2\/media?parent=922"}],"wp:term":[{"taxonomy":"category","embeddable":true,"href":"https:\/\/www.bastel-bastel.de\/blog\/index.php\/wp-json\/wp\/v2\/categories?post=922"},{"taxonomy":"post_tag","embeddable":true,"href":"https:\/\/www.bastel-bastel.de\/blog\/index.php\/wp-json\/wp\/v2\/tags?post=922"}],"curies":[{"name":"wp","href":"https:\/\/api.w.org\/{rel}","templated":true}]}}