{"id":919,"date":"2018-06-07T21:54:47","date_gmt":"2018-06-07T19:54:47","guid":{"rendered":"https:\/\/www.bastel-bastel.de\/blog\/?p=919"},"modified":"2018-06-07T21:54:47","modified_gmt":"2018-06-07T19:54:47","slug":"jochens-wetterblog-am-7-6-2018","status":"publish","type":"post","link":"https:\/\/www.bastel-bastel.de\/blog\/index.php\/2018\/06\/07\/jochens-wetterblog-am-7-6-2018\/","title":{"rendered":"Jochens Wetterblog am 7.6.2018"},"content":{"rendered":"<p><strong>R\u00fcckblick<\/strong><a href=\"https:\/\/www.bastel-bastel.de\/blog\/wp-content\/uploads\/2018\/06\/IMG_3325.jpg\"><img loading=\"lazy\" decoding=\"async\" class=\"size-medium wp-image-920 alignright\" src=\"https:\/\/www.bastel-bastel.de\/blog\/wp-content\/uploads\/2018\/06\/IMG_3325-200x300.jpg\" alt=\"\" width=\"200\" height=\"300\" \/><\/a><br \/>\nApril 5\u00b0C zu warm, Mai 4\u00b0C zu warm. Der Juni liegt nach der ersten Woche auch fast 6\u00b0C \u00fcber Normal (wobei sich das noch ausgleichen kann). Meiner Meinung nach sind das schon Anzeichen eines Klimawandels. In der letzten Woche war es wieder sehr warm. 7 Sommertage am St\u00fcck und davon sogar 5 hei\u00dfe Tage mit \u00fcber 30\u00b0C. 15 Hei\u00dfe Tage sind bei uns laut DWD Durchschnitt f\u00fcr das ganze Jahr, 9 hatten wir dieses Jahr bereits und die hei\u00dfen Monate kommen erst noch. Niederschlag gab es nur in der Nacht zu Freitag. In einem kleinen Gewitter fielen\u00a0 knapp \u00fcber 2l\/qm Regen und der Wind blies in B\u00f6en um die 58km\/h. Tags\u00fcber schien die Sonne die ganze Woche von fr\u00fch bis sp\u00e4t. In der Summe gab es satte 75 Sonnenstunden.<br \/>\n&nbsp;<br \/>\n<strong>Ausblick<\/strong><br \/>\nEs brodelt wieder in der Wetterk\u00fcche. Bis zum Wochenende steigen die Temperaturen t\u00e4glich auf sommerliche 25\u00b0C bis 30\u00b0C, das Gewitterrisiko steigt stark an und es wird vor teils schweren Gewittern gewarnt. Die n\u00e4chste Woche soll mit H\u00f6chstwerten um 21\u00b0C etwas k\u00fchler und unbest\u00e4ndiger werden, die Niederschlagswahrscheinlichkeit steigt.<\/p>\n","protected":false},"excerpt":{"rendered":"<p>R\u00fcckblick April 5\u00b0C zu warm, Mai 4\u00b0C zu warm. Der Juni liegt nach der ersten Woche auch fast 6\u00b0C \u00fcber<\/p>\n","protected":false},"author":1,"featured_media":0,"comment_status":"closed","ping_status":"closed","sticky":false,"template":"","format":"standard","meta":{"footnotes":""},"categories":[21],"tags":[108,212],"class_list":["post-919","post","type-post","status-publish","format-standard","hentry","category-wetter-der-blog-zu-www-ingersheimwetter-de","tag-hitze","tag-wetter","comments-off"],"_links":{"self":[{"href":"https:\/\/www.bastel-bastel.de\/blog\/index.php\/wp-json\/wp\/v2\/posts\/919","targetHints":{"allow":["GET"]}}],"collection":[{"href":"https:\/\/www.bastel-bastel.de\/blog\/index.php\/wp-json\/wp\/v2\/posts"}],"about":[{"href":"https:\/\/www.bastel-bastel.de\/blog\/index.php\/wp-json\/wp\/v2\/types\/post"}],"author":[{"embeddable":true,"href":"https:\/\/www.bastel-bastel.de\/blog\/index.php\/wp-json\/wp\/v2\/users\/1"}],"replies":[{"embeddable":true,"href":"https:\/\/www.bastel-bastel.de\/blog\/index.php\/wp-json\/wp\/v2\/comments?post=919"}],"version-history":[{"count":0,"href":"https:\/\/www.bastel-bastel.de\/blog\/index.php\/wp-json\/wp\/v2\/posts\/919\/revisions"}],"wp:attachment":[{"href":"https:\/\/www.bastel-bastel.de\/blog\/index.php\/wp-json\/wp\/v2\/media?parent=919"}],"wp:term":[{"taxonomy":"category","embeddable":true,"href":"https:\/\/www.bastel-bastel.de\/blog\/index.php\/wp-json\/wp\/v2\/categories?post=919"},{"taxonomy":"post_tag","embeddable":true,"href":"https:\/\/www.bastel-bastel.de\/blog\/index.php\/wp-json\/wp\/v2\/tags?post=919"}],"curies":[{"name":"wp","href":"https:\/\/api.w.org\/{rel}","templated":true}]}}