{"id":8983,"date":"2022-11-30T12:51:36","date_gmt":"2022-11-30T11:51:36","guid":{"rendered":"https:\/\/www.bastel-bastel.de\/blog\/?p=8983"},"modified":"2022-11-30T12:52:35","modified_gmt":"2022-11-30T11:52:35","slug":"jochens-wetterblog-am-1-12-2022","status":"publish","type":"post","link":"https:\/\/www.bastel-bastel.de\/blog\/index.php\/2022\/11\/30\/jochens-wetterblog-am-1-12-2022\/","title":{"rendered":"Jochens Wetterblog am 1.12.2022"},"content":{"rendered":"\n<figure class=\"wp-block-image size-large\"><img loading=\"lazy\" decoding=\"async\" width=\"768\" height=\"1024\" src=\"https:\/\/www.bastel-bastel.de\/blog\/wp-content\/uploads\/2022\/11\/IMG_3674-768x1024.jpg\" alt=\"\" class=\"wp-image-8984\" srcset=\"https:\/\/www.bastel-bastel.de\/blog\/wp-content\/uploads\/2022\/11\/IMG_3674-768x1024.jpg 768w, https:\/\/www.bastel-bastel.de\/blog\/wp-content\/uploads\/2022\/11\/IMG_3674-225x300.jpg 225w, https:\/\/www.bastel-bastel.de\/blog\/wp-content\/uploads\/2022\/11\/IMG_3674-1152x1536.jpg 1152w, https:\/\/www.bastel-bastel.de\/blog\/wp-content\/uploads\/2022\/11\/IMG_3674-1536x2048.jpg 1536w, https:\/\/www.bastel-bastel.de\/blog\/wp-content\/uploads\/2022\/11\/IMG_3674-scaled.jpg 1920w\" sizes=\"auto, (max-width: 768px) 100vw, 768px\" \/><\/figure>\n\n\n\n<p><strong>R\u00fcckblick<\/strong><\/p>\n\n\n\n<p>Die letzte Novemberwoche war noch tr\u00fcber als die Vorwoche. Zwar gab es am Mittwoch mit 7 Sonnenstunden einen recht freundlichen Tag, die anderen Tage war aber nicht viel mit Sonnenschein.<br>Freitag, Montag und Dienstag blieben den ganzen Tag neblig oder bew\u00f6lkt und kein Sonnenstrahl erreichte den Boden.<br>Ab Freitag erreichten die H\u00f6chstwerte nur noch 8 \u00b0C und nachts sanken die Temperaturen auf tiefe einstellige Werte.<br>Am Sonntag fr\u00fch gab es sogar leichten Frost.<br>Jeden Tag fiel etwas Niederschlag, so kamen insgesamt 11 l\/qm zusammen.<br>Die Durchschnittstemperatur im November war knapp 3 Grad zu warm und der Monat war nasser als \u00fcblich.<br>Frost gab es nur an 2 Tagen.<br>Obwohl die letzten Tage recht tr\u00fcbe waren, gab es mit 78 Sonnenstunden fast doppelt soviel, wie im Vorjahr!<\/p>\n\n\n\n<p><strong>Ausblick<\/strong><br>Es wird k\u00e4lter. Die H\u00f6chstwerte sollen tags\u00fcber nur noch 4 \u00b0C erreichen. Da es bis zum Wochenende \u00fcberwiegend bew\u00f6lkt bleibt, sinken die Werte nachts aber nur auf 1 \u00b0C ab. Die Sonne bleibt auch die n\u00e4chsten Tage Mangelware. Ab und zu kann es etwas regnen und vielleicht fallen ja auch ein paar Schneeflocken.<\/p>\n","protected":false},"excerpt":{"rendered":"<p>R\u00fcckblick Die letzte Novemberwoche war noch tr\u00fcber als die Vorwoche. Zwar gab es am Mittwoch mit 7 Sonnenstunden einen recht<\/p>\n","protected":false},"author":1,"featured_media":0,"comment_status":"open","ping_status":"","sticky":false,"template":"","format":"standard","meta":{"footnotes":""},"categories":[21],"tags":[],"class_list":["post-8983","post","type-post","status-publish","format-standard","hentry","category-wetter-der-blog-zu-www-ingersheimwetter-de"],"_links":{"self":[{"href":"https:\/\/www.bastel-bastel.de\/blog\/index.php\/wp-json\/wp\/v2\/posts\/8983","targetHints":{"allow":["GET"]}}],"collection":[{"href":"https:\/\/www.bastel-bastel.de\/blog\/index.php\/wp-json\/wp\/v2\/posts"}],"about":[{"href":"https:\/\/www.bastel-bastel.de\/blog\/index.php\/wp-json\/wp\/v2\/types\/post"}],"author":[{"embeddable":true,"href":"https:\/\/www.bastel-bastel.de\/blog\/index.php\/wp-json\/wp\/v2\/users\/1"}],"replies":[{"embeddable":true,"href":"https:\/\/www.bastel-bastel.de\/blog\/index.php\/wp-json\/wp\/v2\/comments?post=8983"}],"version-history":[{"count":1,"href":"https:\/\/www.bastel-bastel.de\/blog\/index.php\/wp-json\/wp\/v2\/posts\/8983\/revisions"}],"predecessor-version":[{"id":8986,"href":"https:\/\/www.bastel-bastel.de\/blog\/index.php\/wp-json\/wp\/v2\/posts\/8983\/revisions\/8986"}],"wp:attachment":[{"href":"https:\/\/www.bastel-bastel.de\/blog\/index.php\/wp-json\/wp\/v2\/media?parent=8983"}],"wp:term":[{"taxonomy":"category","embeddable":true,"href":"https:\/\/www.bastel-bastel.de\/blog\/index.php\/wp-json\/wp\/v2\/categories?post=8983"},{"taxonomy":"post_tag","embeddable":true,"href":"https:\/\/www.bastel-bastel.de\/blog\/index.php\/wp-json\/wp\/v2\/tags?post=8983"}],"curies":[{"name":"wp","href":"https:\/\/api.w.org\/{rel}","templated":true}]}}