{"id":8719,"date":"2022-11-09T12:05:36","date_gmt":"2022-11-09T11:05:36","guid":{"rendered":"https:\/\/www.bastel-bastel.de\/blog\/?p=8719"},"modified":"2022-11-09T12:05:37","modified_gmt":"2022-11-09T11:05:37","slug":"jochens-wetterblog-am-10-11-2022","status":"publish","type":"post","link":"https:\/\/www.bastel-bastel.de\/blog\/index.php\/2022\/11\/09\/jochens-wetterblog-am-10-11-2022\/","title":{"rendered":"Jochens Wetterblog am 10.11.2022"},"content":{"rendered":"\n<figure class=\"wp-block-image size-large\"><img loading=\"lazy\" decoding=\"async\" width=\"768\" height=\"1024\" src=\"https:\/\/www.bastel-bastel.de\/blog\/wp-content\/uploads\/2022\/11\/IMG_3387-768x1024.jpg\" alt=\"\" class=\"wp-image-8720\" srcset=\"https:\/\/www.bastel-bastel.de\/blog\/wp-content\/uploads\/2022\/11\/IMG_3387-768x1024.jpg 768w, https:\/\/www.bastel-bastel.de\/blog\/wp-content\/uploads\/2022\/11\/IMG_3387-225x300.jpg 225w, https:\/\/www.bastel-bastel.de\/blog\/wp-content\/uploads\/2022\/11\/IMG_3387-1152x1536.jpg 1152w, https:\/\/www.bastel-bastel.de\/blog\/wp-content\/uploads\/2022\/11\/IMG_3387-1536x2048.jpg 1536w, https:\/\/www.bastel-bastel.de\/blog\/wp-content\/uploads\/2022\/11\/IMG_3387-scaled.jpg 1920w\" sizes=\"auto, (max-width: 768px) 100vw, 768px\" \/><\/figure>\n\n\n\n<p><strong>R\u00fcckblick<\/strong><br>Es ist etwas k\u00e4lter geworden. Die H\u00f6chstwerte lagen letzte Woche nur noch bei 15 \u00b0C. Nachts k\u00fchlte es bis auf 1 \u00b0C ab.<br>Das ist zwar n\u00e4her am Normal f\u00fcr November, aber der Monat liegt trotzdem bereits wieder fast 5 Grad \u00fcber dem Durchschnitt.<br>Laut Wetterdienst k\u00f6nnte 2022 das w\u00e4rmste Jahr seit Aufzeichnungsbeginn werden!<br>Es gab immer wieder ein paar Tropfen Niederschlag. Insgesamt kamen in der letzten Woche 4 l\/qm zusammen.<br>Die Sonne steht um diese Jahreszeit ziemlich tief und hat es schwer, gegen Nebel und Wolken anzuk\u00e4mpfen.<br>Vor allem der Fr\u00fchnebel war teilweise recht z\u00e4h.<br>Daher wurden nur 20 Sonnenstunden gez\u00e4hlt, die \u00fcbrige Zeit war es meistens tr\u00fcbe und dunkel.<br>Typisches Novemberwetter, nur etwas k\u00e4lter d\u00fcrfte es sein.<br>In 2 Wochen werden die Tage \u00fcbrigens schon wieder l\u00e4nger!<br>Der Wind war nur schwach und erreichte in B\u00f6en 29 km\/h<\/p>\n\n\n\n<p><strong>Ausblick<\/strong><br>Am Wochenende k\u00f6nnte es den ersten leichten Nachtfrost geben. <br>Es soll bis auf Werte um den Gefrierpunkt abk\u00fchlen. Tags\u00fcber werden bis 12 \u00b0C erreicht. <br>Morgens gibt es viel Nebel. Wo die Sonne es durch die Wolken schafft, kann es recht sonnig werden.<br>Ein richtiger K\u00e4lteeinbruch ist vorerst nicht in Sicht.<\/p>\n","protected":false},"excerpt":{"rendered":"<p>R\u00fcckblickEs ist etwas k\u00e4lter geworden. Die H\u00f6chstwerte lagen letzte Woche nur noch bei 15 \u00b0C. Nachts k\u00fchlte es bis auf<\/p>\n","protected":false},"author":1,"featured_media":0,"comment_status":"open","ping_status":"","sticky":false,"template":"","format":"standard","meta":{"footnotes":""},"categories":[21],"tags":[],"class_list":["post-8719","post","type-post","status-publish","format-standard","hentry","category-wetter-der-blog-zu-www-ingersheimwetter-de"],"_links":{"self":[{"href":"https:\/\/www.bastel-bastel.de\/blog\/index.php\/wp-json\/wp\/v2\/posts\/8719","targetHints":{"allow":["GET"]}}],"collection":[{"href":"https:\/\/www.bastel-bastel.de\/blog\/index.php\/wp-json\/wp\/v2\/posts"}],"about":[{"href":"https:\/\/www.bastel-bastel.de\/blog\/index.php\/wp-json\/wp\/v2\/types\/post"}],"author":[{"embeddable":true,"href":"https:\/\/www.bastel-bastel.de\/blog\/index.php\/wp-json\/wp\/v2\/users\/1"}],"replies":[{"embeddable":true,"href":"https:\/\/www.bastel-bastel.de\/blog\/index.php\/wp-json\/wp\/v2\/comments?post=8719"}],"version-history":[{"count":1,"href":"https:\/\/www.bastel-bastel.de\/blog\/index.php\/wp-json\/wp\/v2\/posts\/8719\/revisions"}],"predecessor-version":[{"id":8721,"href":"https:\/\/www.bastel-bastel.de\/blog\/index.php\/wp-json\/wp\/v2\/posts\/8719\/revisions\/8721"}],"wp:attachment":[{"href":"https:\/\/www.bastel-bastel.de\/blog\/index.php\/wp-json\/wp\/v2\/media?parent=8719"}],"wp:term":[{"taxonomy":"category","embeddable":true,"href":"https:\/\/www.bastel-bastel.de\/blog\/index.php\/wp-json\/wp\/v2\/categories?post=8719"},{"taxonomy":"post_tag","embeddable":true,"href":"https:\/\/www.bastel-bastel.de\/blog\/index.php\/wp-json\/wp\/v2\/tags?post=8719"}],"curies":[{"name":"wp","href":"https:\/\/api.w.org\/{rel}","templated":true}]}}