{"id":765,"date":"2018-03-31T13:01:55","date_gmt":"2018-03-31T11:01:55","guid":{"rendered":"http:\/\/www.bastel-bastel.de\/blog\/?p=765"},"modified":"2018-03-31T13:01:55","modified_gmt":"2018-03-31T11:01:55","slug":"jochens-wetterblog-am-29-3-2018","status":"publish","type":"post","link":"https:\/\/www.bastel-bastel.de\/blog\/index.php\/2018\/03\/31\/jochens-wetterblog-am-29-3-2018\/","title":{"rendered":"Jochens Wetterblog am 29.3.2018"},"content":{"rendered":"<p><strong>R\u00fcckblick<\/strong><a href=\"https:\/\/www.bastel-bastel.de\/blog\/wp-content\/uploads\/2018\/03\/MG_5707.jpg\"><img loading=\"lazy\" decoding=\"async\" class=\"size-medium wp-image-766 alignright\" src=\"https:\/\/www.bastel-bastel.de\/blog\/wp-content\/uploads\/2018\/03\/MG_5707-252x300.jpg\" alt=\"\" width=\"252\" height=\"300\" \/><\/a><br \/>\nDer Fr\u00fchling kommt einfach nicht richtig in Schwung. Mittwoch und Donnerstag gab es Nachtfrost bis -5\u00b0C und auch in den anderen N\u00e4chten lagen die Tiefstwerte um den Gefrierpunkt. Tags\u00fcber lagen die H\u00f6chstwerte von Mittwoch bis Freitag im einstelligen Bereich. Erst ab Samstag wurde es tags\u00fcber etwas w\u00e4rmer. Der Sonntag war mit \u00fcber 15\u00b0C der w\u00e4rmste Tag. Es gab dicke Wolken und Nebel, aber wo es sich lichtete kamen auch viele Sonnenstunden zusammen. Mittwoch, Samstag und Sonntag summierte sich die Sonnenscheindauer bei uns jeweils auf \u00fcber 10 Stunden. Insgesamt fielen 7l\/qm Regen, die H\u00e4lfte davon am Freitag.<br \/>\n<strong>Ausblick<\/strong><br \/>\nBis zum Wochenende bleibt es wechselhaft. Die Temperaturen k\u00f6nnen an den Osterfeiertagen bis 12\u00b0C erreichen, nachts k\u00fchlt es ab auf 1\u00b0C bis 4\u00b0C. Neben ein paar wenigen Sonnenstunden gibt es vor allem viele Wolken und immer wieder auch etwas Niederschlag. F\u00fcr den Osterspaziergang sollte man daher regenfeste Kleidung einplanen. F\u00fcr die n\u00e4chsten Tage ist auch viel Wind vorhergesagt.<br \/>\n&nbsp;<\/p>\n","protected":false},"excerpt":{"rendered":"<p>R\u00fcckblick Der Fr\u00fchling kommt einfach nicht richtig in Schwung. Mittwoch und Donnerstag gab es Nachtfrost bis -5\u00b0C und auch in<\/p>\n","protected":false},"author":1,"featured_media":0,"comment_status":"open","ping_status":"open","sticky":false,"template":"","format":"standard","meta":{"footnotes":""},"categories":[21],"tags":[113,121,178,212,214],"class_list":["post-765","post","type-post","status-publish","format-standard","hentry","category-wetter-der-blog-zu-www-ingersheimwetter-de","tag-ingersheim","tag-klima","tag-sonne","tag-wetter","tag-wind"],"_links":{"self":[{"href":"https:\/\/www.bastel-bastel.de\/blog\/index.php\/wp-json\/wp\/v2\/posts\/765","targetHints":{"allow":["GET"]}}],"collection":[{"href":"https:\/\/www.bastel-bastel.de\/blog\/index.php\/wp-json\/wp\/v2\/posts"}],"about":[{"href":"https:\/\/www.bastel-bastel.de\/blog\/index.php\/wp-json\/wp\/v2\/types\/post"}],"author":[{"embeddable":true,"href":"https:\/\/www.bastel-bastel.de\/blog\/index.php\/wp-json\/wp\/v2\/users\/1"}],"replies":[{"embeddable":true,"href":"https:\/\/www.bastel-bastel.de\/blog\/index.php\/wp-json\/wp\/v2\/comments?post=765"}],"version-history":[{"count":0,"href":"https:\/\/www.bastel-bastel.de\/blog\/index.php\/wp-json\/wp\/v2\/posts\/765\/revisions"}],"wp:attachment":[{"href":"https:\/\/www.bastel-bastel.de\/blog\/index.php\/wp-json\/wp\/v2\/media?parent=765"}],"wp:term":[{"taxonomy":"category","embeddable":true,"href":"https:\/\/www.bastel-bastel.de\/blog\/index.php\/wp-json\/wp\/v2\/categories?post=765"},{"taxonomy":"post_tag","embeddable":true,"href":"https:\/\/www.bastel-bastel.de\/blog\/index.php\/wp-json\/wp\/v2\/tags?post=765"}],"curies":[{"name":"wp","href":"https:\/\/api.w.org\/{rel}","templated":true}]}}