{"id":762,"date":"2018-03-31T13:00:19","date_gmt":"2018-03-31T11:00:19","guid":{"rendered":"http:\/\/www.bastel-bastel.de\/blog\/?p=762"},"modified":"2018-03-31T13:00:19","modified_gmt":"2018-03-31T11:00:19","slug":"jochens-wetterblog-am-22-3-2018","status":"publish","type":"post","link":"https:\/\/www.bastel-bastel.de\/blog\/index.php\/2018\/03\/31\/jochens-wetterblog-am-22-3-2018\/","title":{"rendered":"Jochens Wetterblog am 22.3.2018"},"content":{"rendered":"<p><strong>R\u00fcckblick<\/strong><br \/>\n<a href=\"https:\/\/www.bastel-bastel.de\/blog\/wp-content\/uploads\/2018\/03\/IMG_20180318_162724.jpg\"><img loading=\"lazy\" decoding=\"async\" class=\"size-medium wp-image-763 alignright\" src=\"https:\/\/www.bastel-bastel.de\/blog\/wp-content\/uploads\/2018\/03\/IMG_20180318_162724-225x300.jpg\" alt=\"\" width=\"225\" height=\"300\" \/><\/a><br \/>\nNach einem bisschen Fr\u00fchling mit H\u00f6chstwerten um 14\u00b0C\u00a0 meldete sich zum Wochenende der Winter noch einmal zur\u00fcck. Es wurde frostig kalt. Die Temperatur stieg am Samstag nur noch auf 5\u00b0C, ab Sonntag kaum \u00fcber den Gefrierpunkt. Die Tiefstwerte sanken bis -5\u00b0C. Dazu fing es am Sonntag an zu schneien. Zwischen 5cm und 10cm Neuschnee deckten die Schneegl\u00f6cken zu und es reichte sogar noch einmal zum Schneemann bauen und Schlitten fahren. Auf den Stra\u00dfen wurde es ziemlich glatt und der Winterdienst durfte zum kalendarischen Fr\u00fchlingsanfang nochmal ran. Die Sonne zeigte sich von Samstag bis Montag nicht. Am Dienstag gab es aber immerhin knapp 5 Sonnenstunden.<br \/>\n&nbsp;<br \/>\n<strong>Ausblick<\/strong><br \/>\nEin richtiger Fr\u00fchlingsausbruch ist nicht in Sicht. Aber es wird langsam w\u00e4rmer. Zum Wochenende sind dann auch wieder zweistellige H\u00f6chstwerte und viel Sonne drin. Nachts liegen die Werte zwischen 0\u00b0C und 6\u00b0C. Die n\u00e4chste Woche wird wechselhaft mit Sonne, Wolken und ab und zu etwas Regen. Aber immerhin soll es keinen Frost mehr geben.<\/p>\n","protected":false},"excerpt":{"rendered":"<p>R\u00fcckblick Nach einem bisschen Fr\u00fchling mit H\u00f6chstwerten um 14\u00b0C\u00a0 meldete sich zum Wochenende der Winter noch einmal zur\u00fcck. Es wurde<\/p>\n","protected":false},"author":1,"featured_media":0,"comment_status":"open","ping_status":"open","sticky":false,"template":"","format":"standard","meta":{"footnotes":""},"categories":[21],"tags":[119,121,124,216,217],"class_list":["post-762","post","type-post","status-publish","format-standard","hentry","category-wetter-der-blog-zu-www-ingersheimwetter-de","tag-kalt","tag-klima","tag-krank","tag-winter","tag-wolken"],"_links":{"self":[{"href":"https:\/\/www.bastel-bastel.de\/blog\/index.php\/wp-json\/wp\/v2\/posts\/762","targetHints":{"allow":["GET"]}}],"collection":[{"href":"https:\/\/www.bastel-bastel.de\/blog\/index.php\/wp-json\/wp\/v2\/posts"}],"about":[{"href":"https:\/\/www.bastel-bastel.de\/blog\/index.php\/wp-json\/wp\/v2\/types\/post"}],"author":[{"embeddable":true,"href":"https:\/\/www.bastel-bastel.de\/blog\/index.php\/wp-json\/wp\/v2\/users\/1"}],"replies":[{"embeddable":true,"href":"https:\/\/www.bastel-bastel.de\/blog\/index.php\/wp-json\/wp\/v2\/comments?post=762"}],"version-history":[{"count":0,"href":"https:\/\/www.bastel-bastel.de\/blog\/index.php\/wp-json\/wp\/v2\/posts\/762\/revisions"}],"wp:attachment":[{"href":"https:\/\/www.bastel-bastel.de\/blog\/index.php\/wp-json\/wp\/v2\/media?parent=762"}],"wp:term":[{"taxonomy":"category","embeddable":true,"href":"https:\/\/www.bastel-bastel.de\/blog\/index.php\/wp-json\/wp\/v2\/categories?post=762"},{"taxonomy":"post_tag","embeddable":true,"href":"https:\/\/www.bastel-bastel.de\/blog\/index.php\/wp-json\/wp\/v2\/tags?post=762"}],"curies":[{"name":"wp","href":"https:\/\/api.w.org\/{rel}","templated":true}]}}