{"id":7369,"date":"2022-05-27T09:12:06","date_gmt":"2022-05-27T07:12:06","guid":{"rendered":"https:\/\/www.bastel-bastel.de\/blog\/?p=7369"},"modified":"2022-07-08T13:24:48","modified_gmt":"2022-07-08T11:24:48","slug":"ioniq-5-der-dicke-ist-da","status":"publish","type":"post","link":"https:\/\/www.bastel-bastel.de\/blog\/index.php\/2022\/05\/27\/ioniq-5-der-dicke-ist-da\/","title":{"rendered":"Ioniq 5 &#8211; der Dicke ist da!"},"content":{"rendered":"\n<figure class=\"wp-block-image size-large\"><img loading=\"lazy\" decoding=\"async\" width=\"1024\" height=\"768\" src=\"https:\/\/www.bastel-bastel.de\/blog\/wp-content\/uploads\/2022\/05\/20220509_110014-1024x768.jpg\" alt=\"\" class=\"wp-image-7370\" srcset=\"https:\/\/www.bastel-bastel.de\/blog\/wp-content\/uploads\/2022\/05\/20220509_110014-1024x768.jpg 1024w, https:\/\/www.bastel-bastel.de\/blog\/wp-content\/uploads\/2022\/05\/20220509_110014-300x225.jpg 300w, https:\/\/www.bastel-bastel.de\/blog\/wp-content\/uploads\/2022\/05\/20220509_110014-768x576.jpg 768w, https:\/\/www.bastel-bastel.de\/blog\/wp-content\/uploads\/2022\/05\/20220509_110014-1536x1152.jpg 1536w, https:\/\/www.bastel-bastel.de\/blog\/wp-content\/uploads\/2022\/05\/20220509_110014-2048x1536.jpg 2048w, https:\/\/www.bastel-bastel.de\/blog\/wp-content\/uploads\/2022\/05\/20220509_110014-600x450.jpg 600w\" sizes=\"auto, (max-width: 1024px) 100vw, 1024px\" \/><figcaption>Hyundai Ioniq 5 AWD<\/figcaption><\/figure>\n\n\n\n<p>Bestellt im August 2021, angek\u00fcndigt f\u00fcr Januar 2022, geliefert im Mai 2022. <br>Seit Corona und dem Zusammenbruch vieler Lieferketten muss man auf manche Dinge lange warten.<br>Immerhin haben wir dieses Mal den <a href=\"https:\/\/www.bastel-bastel.de\/blog\/index.php\/2020\/02\/05\/1-jahr-hyundai-kona-elektro\/\">Kona<\/a> erst verkauft, nachdem der Ioniq 5 da war.<br><br>Der <a href=\"https:\/\/www.bastel-bastel.de\/blog\/index.php\/2020\/02\/05\/1-jahr-hyundai-kona-elektro\/\">Kona<\/a> war leider mittlerweile auf den R\u00fccksitzen f\u00fcr einen 12-j\u00e4hrigen etwas zu eng und der Kofferraum sollte auch ein bisschen gr\u00f6\u00dfer sein. <br>Die Entwicklung der Technik verlief so rasant, dass der <a href=\"https:\/\/www.bastel-bastel.de\/blog\/index.php\/2020\/02\/05\/1-jahr-hyundai-kona-elektro\/\">Kona<\/a> doch schon ein bisschen alt wirkte und die Mitnahme der E-F\u00f6rderung war auch verlockend (Umweltpr\u00e4mie, 0,25%-Versteuerung, etc.). <\/p>\n\n\n\n<p><br>Dazu ist der Ioniq 5 auch einfach ein extrem tolles Auto!<br>5 Sekunden von 0 auf 100 ist ganz nett und macht Spa\u00df. <br>Nur leider geht das immer nur ganz kurz, man will ja nur Spa\u00df haben, nicht rasen.<br>Aus dem Stand von 0 auf 50 an der Ampel ist nach weniger als 2 Sekunden schon vorbei. <br>Man f\u00e4hrt ja regelkonform.<br><br>Die Top-Speed ist im Stauland Deutschistan sowieso irrelevant.<br>225kW, bzw. f\u00fcr die Kutschenfahrer 305 Pferdchen und 2 Motoren, die sich \u00fcber alle 4 Reifen mit 605 Nm in die Stra\u00dfe krallen. Spa\u00dffaktor garantiert!<br>Da muss man auf den gammeligen Stra\u00dfen im Kreis aufpassen, dass man keinen Asphalt aus der Fahrbahn rei\u00dft.<br><br><strong>Ja, es ist ein SUV!<\/strong><\/p>\n\n\n\n<p>Dabei predige ich doch seit Jahren die Enthaltung.<br>Aber ganz ehrlich? Die Menschheit ist sowieso bald am Ende, also g\u00f6nne ich uns noch was, bevor alles vorbei ist. <br>Trotz allem ist die Kiste \u00fcbrigens umweltfreundlicher, als jeder Verbrenner!<br>Billiger sowieso. <br>Solange die Steuerabbuchungen, Abgaben und sonstigen &#8222;Zwangsgelder f\u00fcr arbeitende Menschen&#8220; einem die Tr\u00e4nen in die Augen treiben, muss man auch kein schlechtes Gewissen haben, ein paar Subventionen mitzunehmen.<br>Was ist das bisschen Umweltpr\u00e4mie bei unserer Steuerlast (die sehr hoch ist, aber niemanden was angeht), im Vergleich zu 10.000.000.000 Euro Entwicklungshilfe f\u00fcr Indien (eine Atommacht, die damit  das billige \u00d6l aus Russland kauft, das wir boykottieren). <br><br>In diesem kaputten Staat habe ich meine bisherige Meinung ge\u00e4ndert.<br><strong>SUV fahren sch\u00fctzt die Umwelt<\/strong> &#8211; je schneller die Menschheit ihren Lebensraum vernichtet und sich selbst ausl\u00f6scht, desto eher erholt sich die Natur!<br>.<br><strong>Neue Doktrin: <\/strong><br><strong>Nimm, was Du kriegen kannst und lass die anderen labern<\/strong>!<br><br>Daher stand der Umstiegswunsch im August 2021 schnell fest, nur die Lieferung verz\u00f6gerte sich doch deutlich&#8230;<\/p>\n\n\n\n<!--more-->\n\n\n\n<p><strong>Erste Ausfahrt Legoland!<\/strong><\/p>\n\n\n\n<figure class=\"wp-block-image size-large is-resized\"><img loading=\"lazy\" decoding=\"async\" src=\"https:\/\/www.bastel-bastel.de\/blog\/wp-content\/uploads\/2022\/05\/20220507_100329-1024x864.jpg\" alt=\"\" class=\"wp-image-7371\" width=\"880\" height=\"742\" srcset=\"https:\/\/www.bastel-bastel.de\/blog\/wp-content\/uploads\/2022\/05\/20220507_100329-1024x864.jpg 1024w, https:\/\/www.bastel-bastel.de\/blog\/wp-content\/uploads\/2022\/05\/20220507_100329-300x253.jpg 300w, https:\/\/www.bastel-bastel.de\/blog\/wp-content\/uploads\/2022\/05\/20220507_100329-768x648.jpg 768w, https:\/\/www.bastel-bastel.de\/blog\/wp-content\/uploads\/2022\/05\/20220507_100329-1536x1296.jpg 1536w, https:\/\/www.bastel-bastel.de\/blog\/wp-content\/uploads\/2022\/05\/20220507_100329-2048x1729.jpg 2048w\" sizes=\"auto, (max-width: 880px) 100vw, 880px\" \/><figcaption>Mit dem Design kann man es auch \u00fcbertreiben.<\/figcaption><\/figure>\n\n\n\n<p>Elektrische Ausfahrten zum <a href=\"https:\/\/www.bastel-bastel.de\/blog\/index.php\/2020\/09\/28\/hyundaitag-2020-im-legoland\/\">Legoland<\/a> hatte ich ja schon mehrfach in meinem Blog beschrieben.<br>2022 war wieder ein <a href=\"https:\/\/www.bastel-bastel.de\/blog\/index.php\/2020\/09\/28\/hyundaitag-2020-im-legoland\/\">Hyundai-Tag<\/a> (Gratis Eintritt f\u00fcr Hyundai-Fahrer). <br>Auch wenn das Legoland eher f\u00fcr kleinere Kinder ist, hatte unser 12j\u00e4hriger mit einem Freund dort viel Spa\u00df.<br>Angemeldet mit dem <a href=\"https:\/\/www.bastel-bastel.de\/blog\/index.php\/2020\/02\/05\/1-jahr-hyundai-kona-elektro\/\">Kona<\/a>, hingefahren mit dem Ioniq 5.<br>Dass wir das Fahrzeug rechtzeitig bekamen, war noch gar nicht so sicher, aber freitags konnten wir den Ioniq 5 abholen und am Samstag ging es schon auf die erste kleine Langstrecke.<br>Das Auto wurde uns voll geladen \u00fcbergeben, aber ich habe es zu Hause trotzdem noch kurz an die Steckdose geh\u00e4ngt. Bei Abfahrt standen dann 430 km auf der Reichweitenanzeige.<\/p>\n\n\n\n<img loading=\"lazy\" decoding=\"async\" src=\"https:\/\/vg08.met.vgwort.de\/na\/e1038464719f416eaaf30f74fc21e45a\" alt=\"\" width=\"1\" height=\"1\">\n\n\n\n<figure class=\"wp-block-image size-large\"><img loading=\"lazy\" decoding=\"async\" width=\"1024\" height=\"768\" src=\"https:\/\/www.bastel-bastel.de\/blog\/wp-content\/uploads\/2022\/05\/20220506_190418-1024x768.jpg\" alt=\"\" class=\"wp-image-7373\" srcset=\"https:\/\/www.bastel-bastel.de\/blog\/wp-content\/uploads\/2022\/05\/20220506_190418-1024x768.jpg 1024w, https:\/\/www.bastel-bastel.de\/blog\/wp-content\/uploads\/2022\/05\/20220506_190418-300x225.jpg 300w, https:\/\/www.bastel-bastel.de\/blog\/wp-content\/uploads\/2022\/05\/20220506_190418-768x576.jpg 768w, https:\/\/www.bastel-bastel.de\/blog\/wp-content\/uploads\/2022\/05\/20220506_190418-1536x1152.jpg 1536w, https:\/\/www.bastel-bastel.de\/blog\/wp-content\/uploads\/2022\/05\/20220506_190418-2048x1536.jpg 2048w, https:\/\/www.bastel-bastel.de\/blog\/wp-content\/uploads\/2022\/05\/20220506_190418-600x450.jpg 600w\" sizes=\"auto, (max-width: 1024px) 100vw, 1024px\" \/><figcaption>Viele LEDS f\u00fcr den Ladezustand, aber trotzdem recht grobe Anzeige, denn es leuchtet immer ein ganze Zeile. Statt 4 Stufen k\u00f6nnte man hier auch 10 anzeigen &#8211; 10% Schritte statt 25%.<\/figcaption><\/figure>\n\n\n\n<p>Das ist weniger, als der <a href=\"https:\/\/www.bastel-bastel.de\/blog\/index.php\/2020\/02\/05\/1-jahr-hyundai-kona-elektro\/\">Kona<\/a> kann. Zwar ist der Akku deutlich gr\u00f6\u00dfer, aber das Auto ist auch viel gr\u00f6\u00dfer und schwerer. <br>Das Legoland ist knapp 150 km entfernt. Hin und zur\u00fcck also 300 km. Mit meiner Faustformel &#8222;angezeigte Reichweite \/ 1,5 = Echte Reichweite (auf der Autobahn)&#8220; w\u00e4re es also recht knapp.<\/p>\n\n\n\n<p>Sicherheitshalber habe ich noch ganz Oldschool 3 Ladepunkte f\u00fcr den R\u00fcckweg aufgeschrieben. <br>Eine App und elektronische Anzeige waren nat\u00fcrlich auch verf\u00fcgbar.<br><br><strong>Los gehts!<\/strong><\/p>\n\n\n\n<figure class=\"wp-block-image size-large\"><img loading=\"lazy\" decoding=\"async\" width=\"1024\" height=\"653\" src=\"https:\/\/www.bastel-bastel.de\/blog\/wp-content\/uploads\/2022\/05\/20220506_174743-1024x653.jpg\" alt=\"\" class=\"wp-image-7372\" srcset=\"https:\/\/www.bastel-bastel.de\/blog\/wp-content\/uploads\/2022\/05\/20220506_174743-1024x653.jpg 1024w, https:\/\/www.bastel-bastel.de\/blog\/wp-content\/uploads\/2022\/05\/20220506_174743-300x191.jpg 300w, https:\/\/www.bastel-bastel.de\/blog\/wp-content\/uploads\/2022\/05\/20220506_174743-768x490.jpg 768w, https:\/\/www.bastel-bastel.de\/blog\/wp-content\/uploads\/2022\/05\/20220506_174743-1536x980.jpg 1536w, https:\/\/www.bastel-bastel.de\/blog\/wp-content\/uploads\/2022\/05\/20220506_174743-2048x1306.jpg 2048w\" sizes=\"auto, (max-width: 1024px) 100vw, 1024px\" \/><figcaption>Aus dieser Perspektive sieht der Ioniq 5 garnicht so gro\u00df aus &#8211; der Kona ist aber in Wirklichkeit deutlich kleiner!<\/figcaption><\/figure>\n\n\n\n<p><strong>Mit dem Ioniq 5 auf der Autobahn ist ein wahres Vergn\u00fcgen.<\/strong><\/p>\n\n\n\n<p>Gef\u00fchlt liegt das Auto 2 Klassen \u00fcber dem <a href=\"https:\/\/www.bastel-bastel.de\/blog\/index.php\/2020\/02\/05\/1-jahr-hyundai-kona-elektro\/\">Kona<\/a>. <br>Fahrger\u00e4usche kommen im Innenraum deutlich leiser an und das Auto liegt um einiges ruhiger und satter auf der Stra\u00dfe.<br>Der <a href=\"https:\/\/www.bastel-bastel.de\/blog\/index.php\/2020\/02\/05\/1-jahr-hyundai-kona-elektro\/\">Kona<\/a> ist schon ein richtig tolles Auto, aber der Ioniq 5 toppt noch einmal alles.<br>Mit Allradantrieb und \u00fcber 300 Pferden macht das Auto beim Beschleunigen einen richtigen Satz, sobald man auf das Strompedal tritt. <br>F\u00fcr die Hinfahrt fahre ich aber erst mal recht defensiv (eigentlich immer), das Ziel ist ja, ohne Laden hin und zur\u00fcck zu fahren. <br>Trotz \u00fcber 500 H\u00f6henmeter bis zum Ziel ist der Ioniq5 mit einem Schnitt von 19 kWh\/100 km auf der Hinfahrt erstaunlich gen\u00fcgsam. Bei 15 \u00b0C und windigem Wetter, h\u00e4tte ich mehr erwartet. <br>Immerhin m\u00fcssen deutlich \u00fcber 2 Tonnen bewegt werden.<br><strong>Das sind weniger als 2 Liter Dinopampe-Equivalent &#8211; probier das mal mit einem Diesel!<\/strong><\/p>\n\n\n\n<p>Im <a href=\"https:\/\/www.bastel-bastel.de\/blog\/index.php\/2020\/09\/28\/hyundaitag-2020-im-legoland\/\">Legoland<\/a> standen einige Ioniq 5 zum Anschauen und auch auf dem Parkplatz waren welche zu finden. Es gibt sie also schon in gr\u00f6\u00dferer Zahl auf deutschen Stra\u00dfen.<\/p>\n\n\n\n<p>Der Verbrauch auf der Hinfahrt lag bei unter 50% der Akkukapazit\u00e4t, das sollte also locker auch f\u00fcr die R\u00fcckreise ausreichen.<br>Am Samstagabend, bei freier Autobahn, kaum LKW und auch erstaunlich wenig PKW, konnte man z\u00fcgiger fahren. Die Reisegeschwindigkeit lag daher auf der R\u00fcckfahrt zwischen Tempo 130 und 150.<br>Der Albabstieg ist dabei immer eine besondere Freude f\u00fcr Elektroautofahrer. <\/p>\n\n\n\n<figure class=\"wp-block-image size-full\"><img loading=\"lazy\" decoding=\"async\" width=\"768\" height=\"1024\" src=\"https:\/\/www.bastel-bastel.de\/blog\/wp-content\/uploads\/2022\/05\/aichelberg.jpeg\" alt=\"\" class=\"wp-image-7374\" srcset=\"https:\/\/www.bastel-bastel.de\/blog\/wp-content\/uploads\/2022\/05\/aichelberg.jpeg 768w, https:\/\/www.bastel-bastel.de\/blog\/wp-content\/uploads\/2022\/05\/aichelberg-225x300.jpeg 225w\" sizes=\"auto, (max-width: 768px) 100vw, 768px\" \/><figcaption>Albabstieg &#8211; Elektroautofahrer laden durch Rekuperation 5-8km Gratis!<\/figcaption><\/figure>\n\n\n\n<p><br>Was die Fahrer fossiler Fahrzeug per Bremse in Feinstaub und W\u00e4rmebelastung umwandeln, packt das Elektroauto f\u00fcr weitere Fahrten zur\u00fcck in den Akku!<br><br>Der Ioniq 5 h\u00e4ngt souver\u00e4n am Spasspedal. <br>Wie ein Gocart reagiert er feinf\u00fchlig auf jede Bewegung des Fu\u00dfes. So macht Autofahren richtig Spa\u00df. <br>Die Fahrt ist wunderbar entspannt.<br>Wie manche Leute extra Spo(r)tt-Auspuffs an ihr heiliges Blechle schrauben k\u00f6nnen, um dann im L\u00e4rm und Stress stundenlang dieses Gebrumm zu ertragen, verschlie\u00dft sich mir leider.<br>Das leise Dahingleiten im Elektroauto ist einfach besser.<\/p>\n\n\n\n<p><strong>Ladeinfrastruktur<\/strong><\/p>\n\n\n\n<p>Am Abend sind wir mit 80km Restreichweite zuhause angekommen.<br>300km Fahrt, 80km Rest, sind 380km. <br>Bei 430km bei Abfahrt, ist der Verbrauch deutlich geringer, als erwartet. <br>Allerdings stand das Fahrzeug ja auch noch auf Werten vom Werk. <br>Irgendwann wird sich die Anzeige an die pers\u00f6nliche Fahrweise angepasst haben.<br><br>Wir hatten insgesamt keine Ladung n\u00f6tig, trotzdem ist es traurig, dass sich im <a href=\"https:\/\/www.bastel-bastel.de\/blog\/index.php\/2020\/09\/28\/hyundaitag-2020-im-legoland\/\">Legoland<\/a> die letzten 5 Jahre nichts getan hat. <br>EINE popelige AC-S\u00e4ule f\u00fcr alle. Nat\u00fcrlich dauerbelegt. <br>Elektromobilit\u00e4t ist hier noch nicht angekommen.<br><br>Im Web erfuhr ich dann sp\u00e4ter, dass die Lades\u00e4ulen an der Strecke gro\u00dfteils belegt waren &#8211; 6 Schnellader durch Tesla belegt, trotz 20 leerer Tesla-Supercharger gegen\u00fcber. <br>Warum? Weil Tesla die Ladepreise erh\u00f6ht hat und die Kunde jetzt lieber bei den anderen S\u00e4ulen laden &#8211; ist halt billiger.<br>F\u00fcr die Fahrer anderer Marken ist das nat\u00fcrlich extrem \u00e4rgerlich, denn die k\u00f6nnen noch nicht an den Superchargern laden. (soll sich bald \u00e4ndern &#8211; ist aber f\u00fcr alle ziemlich teuer)<br><br><strong>Die Ladem\u00f6glichkeiten an den Autobahnen werden immer weiter ausgebaut.<\/strong><br>Dummerweise nimmt die Anzahl der Fahrzeuge aber schneller zu, als die der Ladem\u00f6glichkeiten.<br>Daher wird es aktuell eher schlechter, als besser.<br>Die Ladepreise steigen auch alle paar Woche. <br>Hier ist noch Abzocke und Wildwest angesagt.<br>Ich bin gespannt, wann sich das mal &#8222;normalisiert&#8220;.<br><br><strong>Der Ioniq5  hat \u00fcbrigens 800V-Technik!<\/strong><br>Damit kann er theoretisch mit bis 250kW in den Akku pumpen.<br>In real life ist es zwar meistens weniger, aber trotzdem deutlich mehr, als die anderen Elektroautos k\u00f6nnen. Damit ist der Ladevorgang schneller fertig, als der Familienausflug aufs WC der Rastst\u00e4tte!<br>Aber das ist sowieso nur f\u00fcr Langstrecken relevant. 1-2x im Jahr f\u00fcr den Urlaub.<br>Zu Hause l\u00e4dt das Auto mit \u00dcberschuss von der Solaranlage. <br>Einstecken, fertig. <br>Gewartet wird nicht. <br>Keine Lust, um Zeit mit Tanken zu verplempern. Laden kann das Auto allein.<br>Manche Menschen stehen ja auch gerne 1x pro Woche (oder \u00f6fter) an der Tankstelle und ziehen sich giftige D\u00e4mpfe rein, w\u00e4hrend  die Dinopampe in den Tank gluckert.<br>Ganz zu schweigen von den Preisen.<br>Der Ioniq 5 f\u00e4hrt mit 20kWh pro 100km, das ist bei 5 cent pro kWh gerade mal ein Euro auf 100 Kilometer.<br>Man vergleiche das mit der Dinopampe beim Verbrenner.<br><br>Klar, kann man sich alles sch\u00f6nrechnen und Elektroautos sind irgendwie auch doof.<br>Ihr wisst schon &#8211; kann ich mir nicht leisten, nur f\u00fcr Zahn\u00e4rzte, etc.<br>Aber wer rechnen kann und elektrisch f\u00e4hrt, der bekommt an jeder Tankstelle ein L\u00e4cheln ins Gesicht.<br>(der Staat kassiert das sowieso irgendwann wieder, geht ja gar nicht, dass man sich der Solidarit\u00e4tsgruppe der Brennstoffsteuer-Zahler entzieht)<\/p>\n\n\n\n<p><strong>Zuhause laden!<\/strong><\/p>\n\n\n\n<figure class=\"wp-block-image size-large\"><img loading=\"lazy\" decoding=\"async\" width=\"1024\" height=\"768\" src=\"https:\/\/www.bastel-bastel.de\/blog\/wp-content\/uploads\/2022\/05\/20220506_190418-1024x768.jpg\" alt=\"\" class=\"wp-image-7373\" srcset=\"https:\/\/www.bastel-bastel.de\/blog\/wp-content\/uploads\/2022\/05\/20220506_190418-1024x768.jpg 1024w, https:\/\/www.bastel-bastel.de\/blog\/wp-content\/uploads\/2022\/05\/20220506_190418-300x225.jpg 300w, https:\/\/www.bastel-bastel.de\/blog\/wp-content\/uploads\/2022\/05\/20220506_190418-768x576.jpg 768w, https:\/\/www.bastel-bastel.de\/blog\/wp-content\/uploads\/2022\/05\/20220506_190418-1536x1152.jpg 1536w, https:\/\/www.bastel-bastel.de\/blog\/wp-content\/uploads\/2022\/05\/20220506_190418-2048x1536.jpg 2048w, https:\/\/www.bastel-bastel.de\/blog\/wp-content\/uploads\/2022\/05\/20220506_190418-600x450.jpg 600w\" sizes=\"auto, (max-width: 1024px) 100vw, 1024px\" \/><\/figure>\n\n\n\n<p>Wir laden nicht mehr bei Kaufland, Aldi &amp; Co. Das ist zu nervig.<br>Zu viele Schn\u00e4ppchenj\u00e4ger, die Dir das Kabel ausstecken oder Fu\u00dfg\u00e4nger, die die S\u00e4ule blockieren &#8222;da kommt gleich jemand, f\u00fcr den habe ich das reserviert&#8220;. <br>Neider sind auch unterwegs, da muss man aufpassen, dass man beim Laden keinen Kratze in den Lack bekommt.<br>Dass diese Bekloppten sich nicht einfach selbst ein Elektroauto zulegen, kommt ihnen nicht in den Sinn. Dabei ist der fette Daimler-Verbrenner SUV sicher teurer, als ein Elektroauto (nur ein Beispiel aus der Begegnung mit Ignoranten, die Dich vielleicht beschimpfen, weil Du was Neues hast, das sie nicht kennen)<br>Klar, bei GRATIS drehen die meisten hohl.<br>Besonders wenn ANDERE etwas gratis bekommen, was man selbst nicht erreichen kann.<br>Dabei w\u00e4re es so einfach.<br><br>Mit 5cent pro kWh von der eigenen PV-Anlage, muss man sich das zum Gl\u00fcck nicht antun.<br>Sollen die Bl\u00f6den sich um die Gratis-Ladung pr\u00fcgeln.<br>Aldi verlangt ab Juni sowieso Geld f\u00fcr den Strom, die anderen werden folgen.<br>Vermutlich gibt es dann bald auch Ladekarten von Aldi &amp; Co, \u00e4hnlich wie bei den Handykarten.<br><br>Eine Wallbox (mit F\u00f6rderung) ist bestellt, aber die Lieferzeiten sind aktuell gr\u00e4sslich.<br>So lange lade ich mit der mobilen Box. <br>Da muss man allerdings aufpassen, dass man nicht versehentlich Strom aus dem Netz lutscht, denn das Teil geht erst bei 7kW los. <br>Das ist zwar recht flott, aber bei 12kWp PV wird es mit dem \u00dcberschussladen knapp. Immerhin haben wir noch einen Speicher im Keller. Der macht dann eben mehr als einen Ladehub pro Tag. <br>Das gibt dann etwas Speicherverlust extra, aber besser, als Strom aus dem Netz zu ziehen. <br>Bis jetzt hat es im Mai komplett ohne Strombezug aus dem Netz funktioniert!<\/p>\n\n\n\n<p><strong>Entladen<\/strong><\/p>\n\n\n\n<p>Der Ioniq 5 kann V2L. Das ist eine 230V-Steckdose f\u00fcr normale Ger\u00e4te.<br>Man kann zum Beispiel unterwegs Kaffee kochen, den Akku vom eBike laden, oder ein anderes Elektroauto. <br>Bei Stromausfall per Verl\u00e4ngerungskabel den K\u00fchlschrank (und mehr) versorgen, usw.<br>\u00dcber 3kW Last sind dabei m\u00f6glich. <br>Ein cooles Feature.<br><br>Dieses Feature erzeugt aber auch Hass &#8211; Hass ist zwar in Deutschland verboten, aber was soll man tun, wenn Dummheit und Korruption erlaubt sind? <br><br>Hass entsteht auf die Politiker, die coole Funktionen nicht zulassen wollen, weil ihre Kumpels von den Energieversorgern dagegen sind.<br><br>Der Ioniq 5 kann n\u00e4mlich eigentlich V2X, also richtig Bidirektionales Laden!<br>Einstecken an der Lades\u00e4ule, <strong>LADEN und ENTLADEN!<\/strong><br>Stell Dir vor, Du hast einen 75kWh-Speicher in der Garage stehen. <br>Tags\u00fcber beim Arbeitgeber an der Mega-PV-Anlage, die den Firmenparkplatz \u00fcberdacht, geladen, nachts versorgst Du damit Dein Haus!<br><br>Ja, das Auto kann das! In anderen L\u00e4ndern l\u00e4uft das bereits.<br><strong>Warum nicht in Deutschistan? <\/strong><br>Weil es die Politik auf Wunsch der Stromindustrie nicht m\u00f6chte!<br>Von wegen &#8222;Unabh\u00e4ngig&#8220; von Putin und den anderen Kopfabschneidern!<br>An Energie verdienen sich einige dumm und d\u00e4mlich, das l\u00e4sst man sich nicht so einfach wegnehmen.<br><br>Deswegen haben die Ioniq 5 in Deutschistan dieses St\u00fcck Software NICHT an Bord.<br>Wo k\u00e4men wir denn hin, wenn jeder Elektroautofahrer auf einmal autark w\u00e4re!<br>Damit k\u00f6nnte man ja sogar das Netz entlasten und stabilisieren, damit h\u00e4tte man ja einige Argumente weniger, um den Menschen <strong>ANGST<\/strong> zu machen. Angst vor dem Blackout &#8211; den man selbst herbeif\u00fchrt.<br><br>Deswegen bleibt dieses sinnvolle Feature in Deutschland f\u00fcr alle Elektrofahrzeuge bis auf Weiteres <strong>VERBOTEN! <\/strong><br>Niemand will unabh\u00e4ngige Verbraucher. <br>Nachher merkt noch jemand, dass die erneuerbaren Energien stabil funktionieren.<br>Man \u00fcberlege sich das mal: <br>1 Million Elektroautos, die jeweils nur 10 kWh Puffer zur Verf\u00fcgung stellen.<br>Nicht auszudenken, wenn erst mal alle 30-40 Millionen Autos elektrisiert sind.<br><br>Das w\u00e4re auch zu einfach. <strong>Weg damit! VERBIETEN! Blasphemie!<\/strong><br>Bevor V2X in Deutschland erlaubt wird, wird das zu Hause laden sowieso verboten &#8211; oder zumindest versteuert. <br>Irgendwie muss der Staat ja auch an die Steuern kommen, damit er Geld an andere verteilen kann.<br><\/p>\n\n\n\n<p><strong>Das andere Laden <\/strong><\/p>\n\n\n\n<figure class=\"wp-block-image size-large\"><img loading=\"lazy\" decoding=\"async\" width=\"1024\" height=\"768\" src=\"https:\/\/www.bastel-bastel.de\/blog\/wp-content\/uploads\/2022\/05\/20220519_092408-1024x768.jpg\" alt=\"\" class=\"wp-image-7376\" srcset=\"https:\/\/www.bastel-bastel.de\/blog\/wp-content\/uploads\/2022\/05\/20220519_092408-1024x768.jpg 1024w, https:\/\/www.bastel-bastel.de\/blog\/wp-content\/uploads\/2022\/05\/20220519_092408-300x225.jpg 300w, https:\/\/www.bastel-bastel.de\/blog\/wp-content\/uploads\/2022\/05\/20220519_092408-768x576.jpg 768w, https:\/\/www.bastel-bastel.de\/blog\/wp-content\/uploads\/2022\/05\/20220519_092408-1536x1152.jpg 1536w, https:\/\/www.bastel-bastel.de\/blog\/wp-content\/uploads\/2022\/05\/20220519_092408-2048x1536.jpg 2048w, https:\/\/www.bastel-bastel.de\/blog\/wp-content\/uploads\/2022\/05\/20220519_092408-600x450.jpg 600w\" sizes=\"auto, (max-width: 1024px) 100vw, 1024px\" \/><figcaption>Ladeplatz ohne Ende im Ioniq 5<\/figcaption><\/figure>\n\n\n\n<p>Manche verstehen unter LADEN ja auch die Zuladung.<br>Auch da ist der Ioniq5 gut aufgestellt. Zwar f\u00e4llt das Heck recht steil ab und am Ende fehlen ein paar Zentimeter, um Sprudelkisten bis zur Heckklappe zu stapeln, aber bei umgeklapptem R\u00fccksitz, sind gut 12 Kisten pro Ebene m\u00f6glich. Da passt ordentlich was rein. <br>Angeblich sind es \u00fcber 100x180cm Grundfl\u00e4che und im Web hat einer ein Foto von einer Europalette gepostet, die per Stapler reingeladen wurde. <br>Daf\u00fcr w\u00fcrde ich dann allerdings den Ioniq 5  nicht missbrauchen wollen.<\/p>\n\n\n\n<p><strong>Parkplatznot<\/strong><\/p>\n\n\n\n<p>3m Radstand und 12m Wendekreis sind nat\u00fcrlich heftig.<br>Mit 4,6m L\u00e4nge und 1,9m Breite (ohne Spiegel), ist der Ioniq 5 schon ein kleiner Moppel.<br>Man gew\u00f6hnt sich aber recht schnell daran.<br>Dank vieler Kameras mit Rundumblick beim Rangieren, f\u00e4hrt sich das Fahrzeug allerdings erstaunlich leicht, auch wenn es eng wird.<br>Automatisch einparken geht auch. Auf Tastendruck sucht sich der Ioniq5 geeignete Parkl\u00fccken und parkt selbst\u00e4ndig ein. Man kann sogar vorher aussteigen, dann parkt das Auto fahrerlos (per Fernbedienung).<br><br>Allerdings sollte man auf engen Parkpl\u00e4tzen aufpassen;<br>Wenn auch der Ioniq 5 per Fernbedienung Spiegel an Spiegel in eine Parkl\u00fccke passt &#8211; die anderen kommen dann nat\u00fcrlich nicht mehr in ihr Fahrzeug. Das kann zu unsch\u00f6nen Situationen f\u00fchren, im schlimmsten Fall demoliert Dir jemand das Auto!<br>Also aufpassen!<\/p>\n\n\n\n<p><strong>Nachts ist es <s>Dunkel<\/s> Hell!<\/strong><\/p>\n\n\n\n<figure class=\"wp-block-image size-large\"><img loading=\"lazy\" decoding=\"async\" width=\"1024\" height=\"691\" src=\"https:\/\/www.bastel-bastel.de\/blog\/wp-content\/uploads\/2022\/06\/20220614_215814-1024x691.jpg\" alt=\"\" class=\"wp-image-7516\" srcset=\"https:\/\/www.bastel-bastel.de\/blog\/wp-content\/uploads\/2022\/06\/20220614_215814-1024x691.jpg 1024w, https:\/\/www.bastel-bastel.de\/blog\/wp-content\/uploads\/2022\/06\/20220614_215814-300x202.jpg 300w, https:\/\/www.bastel-bastel.de\/blog\/wp-content\/uploads\/2022\/06\/20220614_215814-768x518.jpg 768w, https:\/\/www.bastel-bastel.de\/blog\/wp-content\/uploads\/2022\/06\/20220614_215814-1536x1036.jpg 1536w, https:\/\/www.bastel-bastel.de\/blog\/wp-content\/uploads\/2022\/06\/20220614_215814-2048x1381.jpg 2048w\" sizes=\"auto, (max-width: 1024px) 100vw, 1024px\" \/><figcaption>Der Ioniq 5 macht auch nachts eine gute Figur. Die Beleuchtung ist recht futuristisch.<\/figcaption><\/figure>\n\n\n\n<p>Ein kleiner Ausflug ins Theaterhaus in Stuttgart, mit Halt in der Tiefgarage der Mercedes-Bank.<br>Der Ioniq 5 ist ziemlich breit, aber man kann die Rundum-Kameras auf Knopfdruck einschalten und stellt dann erleichtert fest, dass mehr Platz um das Auto ist, als es auf den ersten Blick scheint.<br>Die Kurven muss man aber genau anpeilen, denn der Wendekreis ist schon sehr gro\u00df.<br>Man kann ja aber einfach vorsichtig fahren. Die Streifen an den W\u00e4nden zeugen davon, dass andere Autos auch zu breit waren &#8211; und einige davon waren vermutlich nicht mal wirklich breit.<br><br>Bei der Ausfahrt aus der Tiefgarage relativierte sich meine Vorstellung von Breit. <br>Da geht zum Ioniq 5 noch deutlich mehr: <br>Vor uns stand ein fetter Porsche SUV. 4 Auspuffrohre und ein E-Kennzeichen.<br>Das ist die Kr\u00f6nung der Dekadenz!<br>Das E im Kennzeichen steht wohl irgendwie f\u00fcr <strong>ERROR &#8211; Systemfehler!<\/strong><br>Irgendwas l\u00e4uft da ziemlich schief. <br>Hybrid-Fahrzeuge sollten keine E-Kennzeichen bekommen und mit 4 Auspuffrohren schon gar nicht.<br>Aber vermutlich sind da so gute Motoren verbaut, dass die Luft hinten sauberer rauskommt, als das, was vorne angesaugt wird.<br><br>Die Heimfahrt fand im Dunkeln statt und trotz der fortgeschrittenen Stunde war es erstaunlich hell.<br>Die Scheinwerfer des Ioniq 5 sind extrem gut.<br>Ein lustiges Erlebnis gab es an einem Fu\u00dfg\u00e4nger\u00fcberweg: <br>Wir hatten rot, die Fu\u00dfg\u00e4nger gr\u00fcn.<br>2 junge Typen liefen \u00fcber die Stra\u00dfe und blieben erstaunt vor unserem Auto stehen.<br>Nur 2-3 Sekunden, aber die erstaunten Blicke waren filmreif.<br>Anscheinend macht der Ioniq 5 mit seiner Beleuchtung einen ziemlich spaceigen Eindruck.<br>Die Heimfahrt im Dunkeln war sehr entspannt, die Beleuchtung hat da schon einen ziemlichen Einfluss drauf.<br><br><strong>Souver\u00e4nder Antritt<\/strong><\/p>\n\n\n\n<p>Mit 5 Sekunden von 0 auf 100 km\/h, bzw. 1,8 Sekunden von 0 auf 50, ist der Ioniq 5 (AWD) recht flott unterwegs. Vor allem, wenn man das Gewicht ber\u00fccksichtigt.<br>Man muss mit dem Fahrzeug nicht rasen, aber es macht einfach Spa\u00df, wenn das Auto auf jede Last\u00e4nderung sofort reagiert. Die Bremsen funktionieren ebenfalls sehr gut. Kurven nimmt der Moppel souver\u00e4n. <br>Selbst die Ingersheimer Schlagl\u00f6cher b\u00fcgelt das Auto klaglos eben.<\/p>\n\n\n\n<figure class=\"wp-block-image size-large\"><img loading=\"lazy\" decoding=\"async\" width=\"1024\" height=\"768\" src=\"https:\/\/www.bastel-bastel.de\/blog\/wp-content\/uploads\/2022\/05\/20220506_190239-1024x768.jpg\" alt=\"\" class=\"wp-image-7377\" srcset=\"https:\/\/www.bastel-bastel.de\/blog\/wp-content\/uploads\/2022\/05\/20220506_190239-1024x768.jpg 1024w, https:\/\/www.bastel-bastel.de\/blog\/wp-content\/uploads\/2022\/05\/20220506_190239-300x225.jpg 300w, https:\/\/www.bastel-bastel.de\/blog\/wp-content\/uploads\/2022\/05\/20220506_190239-768x576.jpg 768w, https:\/\/www.bastel-bastel.de\/blog\/wp-content\/uploads\/2022\/05\/20220506_190239-1536x1152.jpg 1536w, https:\/\/www.bastel-bastel.de\/blog\/wp-content\/uploads\/2022\/05\/20220506_190239-2048x1536.jpg 2048w, https:\/\/www.bastel-bastel.de\/blog\/wp-content\/uploads\/2022\/05\/20220506_190239-600x450.jpg 600w\" sizes=\"auto, (max-width: 1024px) 100vw, 1024px\" \/><figcaption>Cool oder kitschig? Das Ioniq5-Design spaltet. Ich finde das Raumschiff-Design cool.<\/figcaption><\/figure>\n\n\n\n<p><br><br><strong>Mehr braucht man nicht!<\/strong><br>Nat\u00fcrlich hat jeder\/jede\/jedes andere Anforderungen an ein Auto.<br>F\u00fcr uns passt der Ioniq 5 aber perfekt. <br>Die \u00e4u\u00dfere Gr\u00f6\u00dfe geht gerade noch. Der Platz im Inneren ist genial.<br>Die Fahreigenschaften sind excellent. <br>Das Auto macht einfach Spass, auch wenn man eigentlich nur damit von A nach B f\u00e4hrt.<br><br>Mein Motto: <strong>&#8222;G\u00f6nn Dir&#8220;, solange es noch nicht verboten ist. <\/strong><br>Man wei\u00df ja nie, was kommt.<br>F\u00fcr die Kurzstrecke w\u00e4re der alte BMW I3 meine erste Wahl, aber der taugt nichts als Familienfahrzeug und 2 Autos brauchen wir nicht.<br><br>Der Ioniq 5 ist f\u00fcr uns die beste Wahl als Universalfahrzeug.<br>Mit Allradantrieb und gro\u00dfem Akku taugt es auch f\u00fcr die Langstrecke. <br>Auf dem Papier ist das Ding teuer, aber dank F\u00f6rderung und als Firmenwagen ist das Auto billiger, als ein Verbrenner-Kleinwagen (z.B. Golf).<\/p>\n\n\n\n<p><\/p>\n\n\n\n<p><strong>THG-Quote nicht vergessen!<\/strong><\/p>\n\n\n\n<p>Sinnvolles Werkzeug oder schwachsinnige Subvention f\u00fcr Elektroautos?<br>Die THG-Quote f\u00fcr Elektroautos spaltet die Gesellschaft. <br>Die einen haben noch nie etwas davon geh\u00f6rt, die anderen sind emp\u00f6rt und die schlauen Menschen greifen das Geld einfach ab!<br><br><strong>Was ist die THG-Quote?<\/strong><br>Ganz einfach: Wer Dreck macht, muss bezahlen. <br>Dinopampe-Fahrer zahlen CO2-Abgabe. F\u00fcrs Heizung selbiges. Firmen m\u00fcssen Verschmutzungsrechte kaufen und wer sauber unterwegs ist, bekommt Verg\u00fcnstigungen. <br>Das Gesetzgeber (Wie gendert man das richtig?) hat sich jetzt dazu einfallen lassen, dass man f\u00fcr Elektroautos Geld bekommt, weil die nicht so viel Dreck machen, wie Verbrenner.<br>Kann man dr\u00fcber streiten, ist aber so. <br><br>Das nennt sich THG-Quote oder auf Beamtendeutsch &#8222;Treibhausgasemissionsminderungsquote&#8220;.<br>5x nacheinander aussprechen und Du bist auch ohne Treibhausgas erstickt.<br>Seit 2021 k\u00f6nnen auch Eigent\u00fcmer von Elektroautos an dieser Quotenlotterie teilnehmen.<br>F\u00fcr jedes Elektroauto gibt es Geld. <br>Nat\u00fcrlich will man einfach nur umweltfreundlich unterwegs sein und kann diese THG-Quote ablehnen.<br>Dann bekommt der Hersteller Deines Autos das Geld. <br>Irgendwer bekommt und irgendwer bezahlt immer!<br><strong>Also &#8211; abgreifen!<\/strong><br>Anbieter gibt es genug, einfach im Web suchen, die Zuverl\u00e4ssigkeit selbst entscheiden und die Auszahlung beantragen.<br><br>Und tats\u00e4chlich &#8211; f\u00fcr den Kona haben wir 340,- Euro + MwSt THG-Quote bekommen.<br>Im Februar beantragt, im Mai auf dem Konto.<br>F\u00fcr den Ioniq 5 warten wir noch. Mal sehen.<br><br>Das entspricht immerhin einer Monats-Leasingrate, senkt die Jahreskosten des Fahrzeugs also um glatte 10%!<br><br><strong>Schon wieder Geld f\u00fcr &#8222;reiche Leute&#8220;?<\/strong><br>Nun, da man den Renault Zoe mittlerweile f\u00fcr unter 100,- Euro im Monat leasen kann, die 6000,- Euro Leasing-Sonderzahlung durch den Bafa-Bonus erstattet werden und man f\u00fcr dieses Auto dieselbe Summe bekommt, kann ich dazu nur sagen: Bl\u00f6des Geschw\u00e4tz!<br><br>Selbst einen BMW i3 gab es zwischenzeitlich manchmal f\u00fcr unter 200,- Euro Leasingrate!<br>Man darf nur nicht faul sein. <br><br>Ein Elektro-Kona kostet zurzeit selbst &#8222;normal&#8220; 200,- Euro im Monat, die Anzahlung wird durch die Bafa-Pr\u00e4mie kompensiert. Mit 350,- Euro THG-Quote bleiben 170,- Euro im Monat!<br>F\u00fcr Renault Zoe gab es schon Angebote f\u00fcr 38,- Euro im Monat &#8211; das sind nach Abzug der THG-Quote unter 10,- Euro im Monat!! (aktuell liegen die Angebote ab 100,- Euro im Monat)<br><br>Elektroautos haben im Gegensatz zu Verbrennern fast keine Wartungskosten.<br>Die Verbrauchskosten sind deutlich geringer.<br><br><strong>Elektroautos sind also nicht f\u00fcr reiche Leute, sondern f\u00fcr schlaue Leute!<\/strong><br><br>Man kann ein Elektroauto problemlos f\u00fcr unter 100,- Euro im Monat fahren.<br>Ein bisschen Schlauigkeit geh\u00f6rt allerdings dazu.<br><br>Nat\u00fcrlich kann man alternativ auch beispielsweise mit einem Golf durch die Gegend knattern.<br>Ist halt mehr retro und man kann weiter \u00fcber Elektroautos schimpfen, oder \u00fcber die hohen Benzinpreise an der Tanke.<br><br>Selbst, wenn man keine eigene Solaranlage hat und auch keinen Stellplatz mit Wallbox, kann man mittlerweile problemlos elektrisch aktiv werden. Nur faul darf man nicht sein.<br><br>Nat\u00fcrlich &#8211; der Vertreter, der t\u00e4glich 1000 Kilometer ohne Pause \u00fcber die Autobahn rast, der braucht eher einen Diesel (oder besser einen anderen Job!). <br>F\u00fcr normale Menschen ist elektrisch in den meisten F\u00e4llen besser. (nicht immer!)<br><br><strong>Einen Verbrenner kann ich mir einfach nicht mehr leisten &#8211; viel zu teuer!<\/strong><\/p>\n\n\n\n<p><\/p>\n\n\n\n<p><\/p>\n\n\n\n<p><strong>B\u00e4m &#8211; da ist sie wieder &#8211; die Servicew\u00fcste!<\/strong><\/p>\n\n\n\n<p>Da sich Winterr\u00e4der definitiv f\u00fcr uns nicht lohnen, hatte ich den Ioniq 5 mit Ganzjahresreifen bestellt.<br>Das Autohaus hatte das nat\u00fcrlich versemmelt und verpennt (<a href=\"https:\/\/www.bastel-bastel.de\/blog\/index.php\/2018\/11\/13\/autohaus-verkauft-kundeneigentum-gehts-noch\/\">Irgendwie habe ich immer einen Spass mit Autoh\u00e4usern und Reifen<\/a>).<br><br>Jedenfalls bekam ich eine Mail, dass die Reifen jetzt endlich da w\u00e4ren. <br>Ich solle am Sp\u00e4tnachmittag mein Auto vorbeibringen, bek\u00e4me einen Ersatzwagen und k\u00f6nnte am n\u00e4chsten Tag unseren Dicken wieder abholen. <br>Das ist eigentlich OK, besser als 2 Stunden auf die Montage warten.<br>Ich hatte extra nur Reifen bestellt, keine Komplettr\u00e4der. <br>F\u00fcr 3 Jahre Leasing lohnt sich das nicht.<br><br>Irgendwie hatte ich schon meine Bef\u00fcrchtung, was die unter &#8222;Ersatzwagen&#8220; verstehen und habe per Mail um ein Elektroauto gebeten. <br>Au\u00dferdem habe ich darauf hingewiesen, dass aktuell eine R\u00fcckrufaktion von Hyundai f\u00fcr die nagelneuen Ioniq 5 l\u00e4uft, weil sich die Bremse beim Parken ab und zu einfach so l\u00f6sen kann. <br>Klar, kann ja mal vorkommen, dann steht das Auto sp\u00e4ter eben irgendwo anders.<br>Bremsen sind sowieso \u00fcberbewertet 8-(<br>Das sollte doch bitte gleichzeitig mit dem Reifenwechsel durchgef\u00fchrt werden.<br>Nicht dass ich dann am Tag sp\u00e4ter gleich wieder in die Werkstatt muss, wie beim Kona.<br>Dabei haben die im Autohaus doch Computer? Dachte ich zumindest.<\/p>\n\n\n\n<p><strong>Echt jetzt?<\/strong><br>Die Mail zur Reifenmontage kam vom Verk\u00e4ufer, also habe ich ihm geantwortet.<br>Aber anscheinend war die Sache damit f\u00fcr ihn erledigt.<br><br>Der Verk\u00e4ufer meldete sich nicht auf meine Bitte, auch nicht auf meine 2. Mail zum Servicetermin.<br>Das Auto war verkauft, Service ist eine andere Abteilung, also unwichtig.<\/p>\n\n\n\n<figure class=\"wp-block-image size-large\"><img loading=\"lazy\" decoding=\"async\" width=\"1024\" height=\"768\" src=\"https:\/\/www.bastel-bastel.de\/blog\/wp-content\/uploads\/2022\/06\/oldtimer-1-1024x768.jpeg\" alt=\"\" class=\"wp-image-7431\" srcset=\"https:\/\/www.bastel-bastel.de\/blog\/wp-content\/uploads\/2022\/06\/oldtimer-1-1024x768.jpeg 1024w, https:\/\/www.bastel-bastel.de\/blog\/wp-content\/uploads\/2022\/06\/oldtimer-1-300x225.jpeg 300w, https:\/\/www.bastel-bastel.de\/blog\/wp-content\/uploads\/2022\/06\/oldtimer-1-768x576.jpeg 768w, https:\/\/www.bastel-bastel.de\/blog\/wp-content\/uploads\/2022\/06\/oldtimer-1-1536x1152.jpeg 1536w, https:\/\/www.bastel-bastel.de\/blog\/wp-content\/uploads\/2022\/06\/oldtimer-1-600x450.jpeg 600w, https:\/\/www.bastel-bastel.de\/blog\/wp-content\/uploads\/2022\/06\/oldtimer-1.jpeg 2000w\" sizes=\"auto, (max-width: 1024px) 100vw, 1024px\" \/><figcaption>Das Autohaus h\u00e4ngt noch in der Vergangenheit &#8211; 100 Jahre alte Technik <\/figcaption><\/figure>\n\n\n\n<p>Der zur Verf\u00fcgung gestellte Ersatzwagen war nat\u00fcrlich KEIN Elektroauto, sondern ein Verbrenner.<br>Ein Opel Karl Benziner. Laut Mietzettel ein &#8222;Kleinstwagen&#8220;.<br><br>Klar, Kleinstwagen f\u00e4hrt auch, aber was f\u00fcr einer!<br>Ein Vegetarier freut sich bestimmt auch, wenn er als Ersatz f\u00fcr sein Gr\u00fcnzeug-Buffet eine Rote Wurst bekommt. <br>Ich mag einfach keine Verbrenner mehr fahren und habe das vorher klar kommuniziert.<br>Das kleinste, \u00e4lteste Elektroauto w\u00e4re f\u00fcr mich besser, als irgendein Verbrenner!<br>Aber dann auch noch so etwas?<br><br>N\u00e4chstes Mal kaufe ich einen Porsche, mal sehen, was die als Ersatzwagen hinstellen, wenn sie was versemmelt haben.<br><br>Da die fehlenden Reifen vom Verk\u00e4ufer verbockt waren, wird das Auto immerhin gratis zur Verf\u00fcgung gestellt. <br>Um die Kosten kleinzuhalten, wurde wohl das billigst m\u00f6gliche Fahrzeug ausgew\u00e4hlt.<br>Schon fast 30.000 km auf der Uhr, Schaltgetriebe und ein Gef\u00fchl von 2-Takter. <br>Laut Internet ist es ein 3-Zylinder. 999ccm und 55kW. <br>Seit \u00fcber 10 Jahren bin ich kein Schaltgetriebe mehr gefahren und Verbrenner wollte ich eigentlich auch nicht mehr, aber was tun? <br>Laufen w\u00e4re eine Option, aber dazu hatte ich keine Lust. <br>Da w\u00e4re ich eine Stunde unterwegs, den Junior musste ich auch noch abholen. ZEIT ist das Wichtigste! <br>Eigentlich m\u00fcsste ich meine Zeit in Rechnung stellen.<br>Bei R\u00fcckgabe sollte das Auto vollgetankt sein, sonst m\u00fcsste ich 25cent pro km zahlen.<br>Da die Mindestabgabe an der Tankstelle 1 Liter ist, spare ich mir diese antike Arbeit, giftige Dinopampe in einen Tank umzuf\u00fcllen. Bei 8 Kilometer sind die 25 cent pro Kilomenter sowieso billiger. <br><br>Ein Elektroauto h\u00e4tte ich sicher geladen, aber ich lasse mich doch nicht zum Tanken n\u00f6tigen, nur weil die mir so eine antike Kutsche hinstellen!<br><br>3 Pedale im Fu\u00dfraum, ich musste erst mal gedanklich sortieren. <br>Vor Elektro fuhr ich schon nur Automatik.<br>Wow, ein Fahrzeug mit Schl\u00fcssel &#8211; Gang raus, Kupplung treten &#8211; Schl\u00fcssel drehen. <br>Der Anlasser quietscht, der Motor rattert, ich habe es geschafft, die Verbrennerkiste in den Betriebszustand zu versetzen.<br><br>Das Fahren ging nach dem ersten Ruckler erstaunlich gut. <br>Gelernt ist gelernt. \ud83d\ude42<br>Das bisschen Aufheulen beim Gas geben, ohne dass das Auto dabei beschleunigte, war noch das kleinste Problem. An der Ampel den Gang raus und erschrocken, dass das Auto r\u00fcckw\u00e4rts rollte. <br>Wieso ist die Stra\u00dfe auch nicht eben?<br>Ja, da war was mit Bremse, Handbremse, usw.<br>Als es dann gr\u00fcn wurde: Handbremse anziehen, Kupplung treten, vorsichtig Gas geben, Kupplung kommen lassen, Handbremse l\u00f6sen. <br>Was f\u00fcr eine Schwachsinns-\u00dcbung. <br>Dabei hat das Auto noch nicht einmal ein H-Kennzeichen! <br>Solche Teile sind aktuell noch Stand der Technik und manche Menschen wollen gar nichts anderes!<br>Kein Wunder gibt es an Kreuzungen so viele Unf\u00e4lle &#8211; wer mit dem R\u00fchren im Getriebe besch\u00e4ftigt ist, kann sich nicht auf den Verkehr konzentrieren.<br><br>Sowohl beim Fahren, als auch im Stand, ratterte, ruckelte und zuckelte alles. <br>Wie kann man einem Kunden nur einen Verbrenner antun?<br>Und wie kann man so etwas auch noch toll finden?<br><br>Hatte ich erw\u00e4hnt, dass das Auto nach Duftb\u00e4umchen stinkt? <br>Irgendwie ist das wohl die Standardausr\u00fcstung aller Mietfahrzeuge. <br>Daf\u00fcr war das Lenkrad widerlich klebrig.<br>Die Klimaanlage funktioniert auch nicht.<br><br>Da kauft man einen Ioniq 5 und darf dann so etwas als Ersatzwagen fahren, weil das Autohaus die Reifen vergessen hat (mit 9 Monaten Vorlauf!).<br>Besser kann man nicht ausdr\u00fccken, was man vom Kunde h\u00e4lt.<br><br>Eigentlich sollte man als Ersatzwagen f\u00fcr ein Elektroauto ein Elektroauto erhalten. <br>Es muss ja kein Ioniq 5 sein. <br>Ein Kona, der alte Ioniq oder ein Opel E-Corsa w\u00e4ren auch OK.<br>Wenn es schon unbedingt ein Verbrenner sein muss, dann vielleicht einer mit Automatik? <br>Vom Elektroauto auf Schaltgetriebe ist eine Zumutung!<br>Und dann noch die gammeligste Kiste, die auf dem Hof steht?<br>Das ist schade!<br>Wieso soll man das Auto bei R\u00fcckgabe volltanken, wenn man definitiv seit \u00fcber 10 Jahren die Tankstelle verweigert? <br>Die sollen das giftige Zeug selbst einf\u00fcllen. Ein E-Auto h\u00e4tte ich geladen, getankt wird nicht.<br><strong><br>N\u00e4chstes Auto: Internet!<\/strong><br>Bei so einem Service kann man das Auto auch gleich im Internet bestellen. <br>Wenn man dann zum Autohaus um die Ecke geht, dann m\u00fcssen die Vertragsh\u00e4ndler den Service machen, dazu sind sie verpflichtet. Schlechter behandeln, weil man das Auto woanders gekauft hat, geht da auch nicht mehr. <br><br><strong>Da isser wieder<\/strong><\/p>\n\n\n\n<p>Am n\u00e4chsten Tag konnte ich wie vereinbart den Ioniq 5 wieder abholen.<br>Die Mitarbeiter des Autohauses waren alle sehr freundlich, da kann man nicht meckern.<br>Vom Verk\u00e4ufer habe ich aber nichts mehr geh\u00f6rt. Vielleicht ist er krank? Oder im Urlaub?<br><br>Beim Anlassen des KARL hatte ich zuerst die Bremse getreten und den Schl\u00fcssel gedreht, da ging erst mal nichts. Die Macht der Gewohnheit &#8211; Nicht die Bremse, die Kupplung muss man treten!<br>W\u00e4hrend der Fahrt haben wir es geschafft, die L\u00fcftung anzuschalten. Klima ging nicht.<br>Ein b\u00f6ser Fehler. Zwar wurde Luft ins Auto gepustet, aber was f\u00fcr ein Geruch.<br>Wer kennt sie noch, die Duftsteine, die vor 30 Jahren in den Pissoirs auf den Jahrm\u00e4rkten lagen.<br>Irgendwer scheint die L\u00fcftungsanlage mit diesem Zeug gef\u00fcllt zu haben. <br>Wahnsinn. Dann doch lieber L\u00fcftung aus und Fenster auf.<br><br>Die \u00dcbergabe war problemlos. Getankt hatte ich nicht. Waren auch nur 8 Kilometer.<br>Soll der Verursacher des unfreiwilligen Werkstatt-Termins bezahlen.<br><br>Das Update f\u00fcr die R\u00fcckrufaktion war auch schon installiert. Gut so.<br>Beim Kona gab es da n\u00e4mlich bei der Abholung aus der Werkstatt den Hinweis, dass ich gleich einen neuen Termin ausmachen sollte, f\u00fcr eine weitere R\u00fcckrufaktion.<br><br>Der Einstieg in den Ioniq 5 war wie der Sprung aus der Steinzeit zum Raumschiff Enterprise.<br>Nochmal konnte ich alle Fahreigenschaften neu &#8222;erfahren&#8220;. <br>Der Ioniq 5 ist einfach toll!<br>Das ruhige Dahingleiten, die Kraft beim Beschleunigen. Kein R\u00fchren im Getriebe, keine Kupplung, keine Handbremse beim Anfahren am Berg. Kein R\u00fctteln und Sch\u00fctteln, kein Rattern und Klappern. <br>Einfach fahren.<br>An der ersten Kreuzung ging der Griff zur Gangschaltung &#8211; Ach, gibts ja garnicht. <br>Wie schnell man sich umgew\u00f6hnt&#8230;<br><br>Hoffen wir, dass es jetzt erst mal ein Weilchen Schluss ist, mit Werkstatt.<\/p>\n\n\n\n<p><\/p>\n\n\n\n<p><strong>Ioniq 5 im Schwarzwald macht Laune!<\/strong><\/p>\n\n\n\n<p>Im Juni 2022 waren wir eine Woche im Schwarzwald. <br>Die Strecke \u00fcber A81 &#8211; A8 &#8211; A5 ist einfach nervig, weil mit vielen Baustellen und eigentlich immer irgendwo Stau belegt.<br>Daher ging die Fahrt mitten durch den Schwarzwald.<\/p>\n\n\n\n<figure class=\"wp-block-image size-large\"><img loading=\"lazy\" decoding=\"async\" width=\"838\" height=\"1024\" src=\"https:\/\/www.bastel-bastel.de\/blog\/wp-content\/uploads\/2022\/06\/20220613_101935-838x1024.jpg\" alt=\"\" class=\"wp-image-7512\" srcset=\"https:\/\/www.bastel-bastel.de\/blog\/wp-content\/uploads\/2022\/06\/20220613_101935-838x1024.jpg 838w, https:\/\/www.bastel-bastel.de\/blog\/wp-content\/uploads\/2022\/06\/20220613_101935-245x300.jpg 245w, https:\/\/www.bastel-bastel.de\/blog\/wp-content\/uploads\/2022\/06\/20220613_101935-768x939.jpg 768w, https:\/\/www.bastel-bastel.de\/blog\/wp-content\/uploads\/2022\/06\/20220613_101935-1256x1536.jpg 1256w, https:\/\/www.bastel-bastel.de\/blog\/wp-content\/uploads\/2022\/06\/20220613_101935-1675x2048.jpg 1675w\" sizes=\"auto, (max-width: 838px) 100vw, 838px\" \/><\/figure>\n\n\n\n<p>Der Ioniq 5 mit Allrad macht eine erstaunlich gute Figur, wenn man \u00fcber die Schwarzwaldstra\u00dfen d\u00fcst.<br>Die Oppenauer Steige ist bekannt daf\u00fcr, dass vor allem Motorr\u00e4der und l\u00e4rmende Sportwagen die engen Kurven hoch und runter flitzen. <br>Ab und an bleibt auch mal einer h\u00e4ngen oder schie\u00dft \u00fcber die Kurve hinaus.<br>Wenn man es nicht \u00fcbertreibt, macht das Fahren dort aber richtig Spa\u00df und der Ioniq 5 ist voll in seinem Element:<br>Sportmodus an, mit permanentem Allradantrieb. Rekuperationsmodus auf I-Pedal und los geht es.<br>Mit dem I-Pedal kann man nur mit dem Gaspedal beschleunigen oder bremsen. <br>Wobei bremsen das falsche Wort ist &#8211; Elektroautos rekuperieren! Das funktioniert perfekt, um die n\u00e4chste Kurve anzupeilen.<br>Durch die Kurve und dann wieder Spa\u00df geben &#8211; die 300 Pferde und 600Nm \u00fcber alle 4 R\u00e4der lassen den Ioniq 5 den Berg hinauf h\u00fcpfen, wie einen Sportwagen. <br>Da hat mancher Fahrer eines r\u00f6hrenden Verbrenners dumm geschaut. <br>Auf der Autobahn ziehen die Verbrenner vielleicht vorbei, weil weder ich noch das Auto mehr als Tempo 180 fahren wollen. Tempo 130 reicht ja auch f\u00fcr entspanntes Reisen.<br>Aber in den Kurven aus niedriger Geschwindigkeit steht das volle Drehmoment nur beim Elektroauto an. <br>Bis der Verbrenner r\u00f6hrend auf Drehzahl kommt, ist die Elektrob\u00fcchse schon weg.<br>Vor allem &#8211; das Auto wird mit Sonnenenergie angetrieben! Umweltfreundlich!<br><br>Kein L\u00e4rm, kein Gestank, kein Geratter oder Geknatter. Nur Spa\u00df und niemand wird bel\u00e4stigt!<br>1500 Kilometer bis jetzt, davon 20 kWh (= ca. 120 km) mit (angeblich) Wasserkraft-Strom, der Rest ausschlie\u00dflich von der heimischen Solaranlage.<br>Man glaubt es nicht, was f\u00fcr Bekloppte durch den Schwarzwald fahren und die Umgebung bedr\u00f6hnen.<br>Ein Porsche mit Klappenauspuff &#8211; am Wanderparkplatz 2x Vollgas im Leerlauf, damit alle schauen und dann mit dr\u00f6hnendem Kickstart den Berg hinauf. <br>Vermutlich zuviel am Auspuff geschnuppert.<br><br>Vom Spa\u00df hat man allerdings auch ohne L\u00e4rm jede Menge. Man sollte es aber nicht \u00fcbertreiben, denn leider fuhr dort auch der Rettungswagen sehr oft an unserer Ferienwohnung vorbei.<br><br>Durch die Rekuperation macht die Fahrweise fast nichts aus, denn den Berg hinunter wird die Energie von \u00fcber 500 H\u00f6henmeter einfach wieder in die Batterie gepackt. <br>Die Motoren arbeiten als Generator.<br>Der Dicke hat auf der gesamten Strecke im Schnitt nur 17 kWh\/100 km ben\u00f6tigt &#8211; trotz Sportmodus und teilweise doch recht tief durchgedr\u00fccktem Pedal.<br><br>Wir haben in Oppenau 8 Ladepunkte gez\u00e4hlt, es werden immer mehr.<br>Eigentlich h\u00e4tte der Akku hin und zur\u00fcck und f\u00fcr den ganzen Urlaub gereicht, aber nat\u00fcrlich haben wir eine Lades\u00e4ule getestet. Mit der ENBW-Karte ging das problemlos. Eine AC-S\u00e4ule reichte mit 11 kW, um den Akku in knapp 3 Stunden aufzuf\u00fcllen. <br>Verbrennerfahrer werden \u00fcber die 3 Stunden l\u00e4cheln, aber das ist ja auch ein anderes Konzept &#8211; f\u00fcr Langstrecke h\u00e4tten wir auch einen Schnell-Lader ansteuern k\u00f6nnen, dann w\u00e4re der Akku in wenigen Minuten voll, aber wieso nicht das Auto laden, w\u00e4hrend man in der Wirtschaft sitzt und den eigenen Akku auff\u00fcllt?<\/p>\n\n\n\n<p><strong>3 Monate &#8211; 1500 Kilometer<\/strong><\/p>\n\n\n\n<figure class=\"wp-block-image size-full\"><img loading=\"lazy\" decoding=\"async\" width=\"1024\" height=\"559\" src=\"https:\/\/www.bastel-bastel.de\/blog\/wp-content\/uploads\/2022\/07\/ioniq5_geladen.jpeg\" alt=\"Ioniq 5 - erstaunlich sparsam. Reichweite knapp 500km (Landstra\u00dfe, auf Autobahn ca. 350km)\" class=\"wp-image-7612\" srcset=\"https:\/\/www.bastel-bastel.de\/blog\/wp-content\/uploads\/2022\/07\/ioniq5_geladen.jpeg 1024w, https:\/\/www.bastel-bastel.de\/blog\/wp-content\/uploads\/2022\/07\/ioniq5_geladen-300x164.jpeg 300w, https:\/\/www.bastel-bastel.de\/blog\/wp-content\/uploads\/2022\/07\/ioniq5_geladen-768x419.jpeg 768w\" sizes=\"auto, (max-width: 1024px) 100vw, 1024px\" \/><figcaption>Ioniq 5 &#8211; erstaunlich sparsam. Reichweite knapp 500km (Landstra\u00dfe, auf Autobahn ca. 350km)<\/figcaption><\/figure>\n\n\n\n<p><\/p>\n\n\n\n<p>Kleines Zwischenfazit zum Ioniq 5: <br>Das beste Auto, das wir bisher hatten.<br><br>1500 Kilometer sind knapp 250 kWh. <br>(Das Foto ist neuer als der Text, da sind es schon 1784km)<br>Davon f\u00fcr 16,- Euro im Schwarzwald geladen, der Rest von 230 kWh an der heimischen Photovoltaikanlage gezapft. Bei Gestehungskosten von 10 Cent pro kWh sind das 23,- Euro.<br>Gesamt also keine 50,- Euro Verbrauchskosten.<br>Das ist OK, vergleich das mal mit Diesel.<br><br>Die Gr\u00f6\u00dfe hat uns am Anfang etwas abgeschreckt, aber wir kommen gut damit zurecht.<br>Die Fahreigenschaften sind gigantisch! <br>Das Raumgef\u00fchl ist gro\u00dfartig.<br>Der Verbrauch auf Ganzjahresreifen von April bis Juni lag bei 16,3 kWh \/100 km, das ist erstaunlich wenig, f\u00fcr so ein dickes Schiff. <br>W\u00fcrde ich den Ioniq 5 wieder kaufen? <br>Theoretisch ja, allerdings soll bald der Ioniq 5N auf den Markt kommen. Man wird sehen \ud83d\ude42<br><\/p>\n\n\n\n<p><a href=\"https:\/\/www.bastel-bastel.de\/blog\/index.php\/category\/energie\/elektromobilitaet\/\"><strong>\u00dcbersicht Elektromobilit\u00e4t<\/strong><\/a><\/p>\n\n\n\n<p><a href=\"https:\/\/www.bastel-bastel.de\/blog\/index.php\/2022\/05\/27\/ioniq-5-der-dicke-ist-da\/\">Ioniq 5 &#8211; der Dicke ist da!<\/a><\/p>\n\n\n\n<p><a href=\"https:\/\/www.bastel-bastel.de\/blog\/index.php\/2022\/04\/12\/elektrische-elektroreise-zum-europapark-2022\/\">Fahrt mit dem Elektroauto zum Europapark 2022<\/a><\/p>\n\n\n\n<p><a href=\"https:\/\/www.bastel-bastel.de\/blog\/index.php\/2020\/09\/28\/hyundaitag-2020-im-legoland\/\">Hyundai-Tag 2020 im Legoland<\/a><\/p>\n\n\n\n<p><a href=\"https:\/\/www.bastel-bastel.de\/blog\/index.php\/2020\/09\/02\/elektroauto-langstrecke-teil2\/\">Elektroauto-Langstrecke Teil 2<\/a><\/p>\n\n\n\n<p><a href=\"https:\/\/www.bastel-bastel.de\/blog\/index.php\/2020\/08\/26\/langstrecke-mit-dem-elektroauto\/\">Langstrecke mit dem Elektroauto<\/a><\/p>\n\n\n\n<p><br><br><br><\/p>\n\n\n\n<p><br><\/p>\n","protected":false},"excerpt":{"rendered":"<p>Bestellt im August 2021, angek\u00fcndigt f\u00fcr Januar 2022, geliefert im Mai 2022. Seit Corona und dem Zusammenbruch vieler Lieferketten muss<\/p>\n","protected":false},"author":1,"featured_media":0,"comment_status":"open","ping_status":"","sticky":false,"template":"","format":"standard","meta":{"footnotes":""},"categories":[28],"tags":[453,79,454,451,452],"class_list":["post-7369","post","type-post","status-publish","format-standard","hentry","category-elektromobilitaet","tag-allrad","tag-elektroauto","tag-elektromobilitaet","tag-ioniq-5","tag-test"],"_links":{"self":[{"href":"https:\/\/www.bastel-bastel.de\/blog\/index.php\/wp-json\/wp\/v2\/posts\/7369","targetHints":{"allow":["GET"]}}],"collection":[{"href":"https:\/\/www.bastel-bastel.de\/blog\/index.php\/wp-json\/wp\/v2\/posts"}],"about":[{"href":"https:\/\/www.bastel-bastel.de\/blog\/index.php\/wp-json\/wp\/v2\/types\/post"}],"author":[{"embeddable":true,"href":"https:\/\/www.bastel-bastel.de\/blog\/index.php\/wp-json\/wp\/v2\/users\/1"}],"replies":[{"embeddable":true,"href":"https:\/\/www.bastel-bastel.de\/blog\/index.php\/wp-json\/wp\/v2\/comments?post=7369"}],"version-history":[{"count":1,"href":"https:\/\/www.bastel-bastel.de\/blog\/index.php\/wp-json\/wp\/v2\/posts\/7369\/revisions"}],"predecessor-version":[{"id":7614,"href":"https:\/\/www.bastel-bastel.de\/blog\/index.php\/wp-json\/wp\/v2\/posts\/7369\/revisions\/7614"}],"wp:attachment":[{"href":"https:\/\/www.bastel-bastel.de\/blog\/index.php\/wp-json\/wp\/v2\/media?parent=7369"}],"wp:term":[{"taxonomy":"category","embeddable":true,"href":"https:\/\/www.bastel-bastel.de\/blog\/index.php\/wp-json\/wp\/v2\/categories?post=7369"},{"taxonomy":"post_tag","embeddable":true,"href":"https:\/\/www.bastel-bastel.de\/blog\/index.php\/wp-json\/wp\/v2\/tags?post=7369"}],"curies":[{"name":"wp","href":"https:\/\/api.w.org\/{rel}","templated":true}]}}