{"id":716,"date":"2018-03-17T11:22:15","date_gmt":"2018-03-17T10:22:15","guid":{"rendered":"http:\/\/www.bastel-bastel.de\/blog\/?p=716"},"modified":"2018-03-17T11:22:15","modified_gmt":"2018-03-17T10:22:15","slug":"jochens-wetterblog-am-8-3-2018","status":"publish","type":"post","link":"https:\/\/www.bastel-bastel.de\/blog\/index.php\/2018\/03\/17\/jochens-wetterblog-am-8-3-2018\/","title":{"rendered":"Jochens Wetterblog am 8.3.2018"},"content":{"rendered":"<p><strong>R\u00fcckblick<\/strong><a href=\"https:\/\/www.bastel-bastel.de\/blog\/wp-content\/uploads\/2018\/03\/MG_5352.jpg\"><img loading=\"lazy\" decoding=\"async\" class=\"size-medium wp-image-717 alignright\" src=\"https:\/\/www.bastel-bastel.de\/blog\/wp-content\/uploads\/2018\/03\/MG_5352-192x300.jpg\" alt=\"\" width=\"192\" height=\"300\" \/><\/a><br \/>\nP\u00fcnktlich zum meteorologischen Fr\u00fchlingsanfang wurde es fr\u00fchlingshaft. Von Tiefstwerten um -12\u00b0C am Mittwoch morgen stiegen die Temperaturen bis zum Wochenende auf \u00fcber 15\u00b0C. Nachts fielen die Werte aber jeweils wieder deutlich in den Frostbereich und der Boden blieb noch tief gefroren.\u00a0 Die Sonne schien am Mittwoch \u00fcber 9 Stunden, Donnerstag und Freitag gab es Wolken und Hochnebel. Das Wochenende wurde mit jeweils \u00fcber 8 Sonnenstunden pro Tag richtig sch\u00f6n. Man konnte der Natur fast beim Wachsen zusehen und auch erste Insekten waren schon wieder unterwegs. In der Nacht von Samstag auf Sonntag regnete es ein paar Tropfen, ansonsten war es Niederschlagsfrei.<br \/>\n&nbsp;<br \/>\n<strong>Ausblick<\/strong><br \/>\nDie n\u00e4chsten Tage werden wechselhaft. Es gibt viele Wolken, ab und zu Sonne und immer wieder etwas Regen. Die Temperaturen steigen langsam an. Die H\u00f6chstwerte steigen bis zum Wochenende auf 15\u00b0C und nachts bleibt es bei 5\u00b0C bis 7\u00b0C frostfrei. Der Wind weht schwach bis m\u00e4\u00dfig<\/p>\n","protected":false},"excerpt":{"rendered":"<p>R\u00fcckblick P\u00fcnktlich zum meteorologischen Fr\u00fchlingsanfang wurde es fr\u00fchlingshaft. Von Tiefstwerten um -12\u00b0C am Mittwoch morgen stiegen die Temperaturen bis zum<\/p>\n","protected":false},"author":1,"featured_media":0,"comment_status":"open","ping_status":"open","sticky":false,"template":"","format":"standard","meta":{"footnotes":""},"categories":[21],"tags":[113,119,121,212,216],"class_list":["post-716","post","type-post","status-publish","format-standard","hentry","category-wetter-der-blog-zu-www-ingersheimwetter-de","tag-ingersheim","tag-kalt","tag-klima","tag-wetter","tag-winter"],"_links":{"self":[{"href":"https:\/\/www.bastel-bastel.de\/blog\/index.php\/wp-json\/wp\/v2\/posts\/716","targetHints":{"allow":["GET"]}}],"collection":[{"href":"https:\/\/www.bastel-bastel.de\/blog\/index.php\/wp-json\/wp\/v2\/posts"}],"about":[{"href":"https:\/\/www.bastel-bastel.de\/blog\/index.php\/wp-json\/wp\/v2\/types\/post"}],"author":[{"embeddable":true,"href":"https:\/\/www.bastel-bastel.de\/blog\/index.php\/wp-json\/wp\/v2\/users\/1"}],"replies":[{"embeddable":true,"href":"https:\/\/www.bastel-bastel.de\/blog\/index.php\/wp-json\/wp\/v2\/comments?post=716"}],"version-history":[{"count":0,"href":"https:\/\/www.bastel-bastel.de\/blog\/index.php\/wp-json\/wp\/v2\/posts\/716\/revisions"}],"wp:attachment":[{"href":"https:\/\/www.bastel-bastel.de\/blog\/index.php\/wp-json\/wp\/v2\/media?parent=716"}],"wp:term":[{"taxonomy":"category","embeddable":true,"href":"https:\/\/www.bastel-bastel.de\/blog\/index.php\/wp-json\/wp\/v2\/categories?post=716"},{"taxonomy":"post_tag","embeddable":true,"href":"https:\/\/www.bastel-bastel.de\/blog\/index.php\/wp-json\/wp\/v2\/tags?post=716"}],"curies":[{"name":"wp","href":"https:\/\/api.w.org\/{rel}","templated":true}]}}