{"id":6732,"date":"2022-01-19T11:55:52","date_gmt":"2022-01-19T10:55:52","guid":{"rendered":"https:\/\/www.bastel-bastel.de\/blog\/?p=6732"},"modified":"2022-01-19T11:55:53","modified_gmt":"2022-01-19T10:55:53","slug":"jochens-wetterblog-am-20-1-2022","status":"publish","type":"post","link":"https:\/\/www.bastel-bastel.de\/blog\/index.php\/2022\/01\/19\/jochens-wetterblog-am-20-1-2022\/","title":{"rendered":"Jochens Wetterblog am 20.1.2022"},"content":{"rendered":"\n<figure class=\"wp-block-image size-large\"><img loading=\"lazy\" decoding=\"async\" width=\"768\" height=\"1024\" src=\"https:\/\/www.bastel-bastel.de\/blog\/wp-content\/uploads\/2022\/01\/IMG_4124_edited-768x1024.jpg\" alt=\"Tag des Schneemanns\" class=\"wp-image-6733\" srcset=\"https:\/\/www.bastel-bastel.de\/blog\/wp-content\/uploads\/2022\/01\/IMG_4124_edited-768x1024.jpg 768w, https:\/\/www.bastel-bastel.de\/blog\/wp-content\/uploads\/2022\/01\/IMG_4124_edited-225x300.jpg 225w, https:\/\/www.bastel-bastel.de\/blog\/wp-content\/uploads\/2022\/01\/IMG_4124_edited-1152x1536.jpg 1152w, https:\/\/www.bastel-bastel.de\/blog\/wp-content\/uploads\/2022\/01\/IMG_4124_edited.jpg 1500w\" sizes=\"auto, (max-width: 768px) 100vw, 768px\" \/><\/figure>\n\n\n\n<p><strong>R\u00fcckblick<\/strong><br>Am 18.1. war der Tag des Schneemanns. <br>Nur leider gab es dieses Jahr bei uns im Flachland noch keinen Schnee. <br>Daf\u00fcr musste man sch\u00f6n in die H\u00f6henlagen des Schwarzwaldes oder noch weiter hinauf. <br>Die Sonne hat sich etwas h\u00e4ufiger gezeigt, als in den Vorwochen. <br>Am Mittwoch gab es knapp 6 Sonnenstunden, ebenso am Freitag. Am Donnerstag immerhin 4 Stunden. Die anderen Tage waren leider fast durchgehend bew\u00f6lkt und ziemlich grau. <br>Die Temperaturen stiegen tags\u00fcber kaum \u00fcber 6\u00b0C, nachts ging es leicht in den Frostbereich. <br>Am Mittwoch fr\u00fch lagen die Tiefstwerte bei -4\u00b0C.<br>An Niederschlag kamen \u00fcber die Woche knapp 2l\/qm zusammen. Am Sonntag und Montag war es etwas windiger, in B\u00f6en wurden \u00fcber 40km\/h erreicht. <br>Am Samstag zeigte der Luftdruck gegen 20:30 Uhr ein interessantes Verhalten. In k\u00fcrzester Zeit stieg er um 1,5hPa, um darauf schnell wieder um 3hPa abzufallen und sich dann wieder auf den vorherigen Wert einzupendeln.<br>Um 20:33 gab es in kurzer Zeit einen Anstieg von 1027,2 hPa auf 1028,7hPa, danach einen Abfall bis auf 1026.0 hPa.<br>Anschlie\u00dfend pendelte sich der Luftdruck wieder um die 1027hPa ein.<br>Nach Informationen aus dem Web scheint das die Druckwelle des Vulkanausbruchs in Tonga gewesen zu sein.<br>Die war best\u00e4tigt gegen ungef\u00e4hr 20:30 bei uns messbar, hat aber keine weiteren Auswirkungen.<br>Trotzdem muss man sich die unfassbare Kraft der Natur vorstellen. <br>Tonga ist immerhin 17.000km von uns entfernt!<\/p>\n\n\n\n<figure class=\"wp-block-image size-large\"><img loading=\"lazy\" decoding=\"async\" width=\"1024\" height=\"648\" src=\"https:\/\/www.bastel-bastel.de\/blog\/wp-content\/uploads\/2022\/01\/tonga_luftdruck-1024x648.png\" alt=\"Druckwelle des Vulkanausbruchs in Tonga!\" class=\"wp-image-6734\" srcset=\"https:\/\/www.bastel-bastel.de\/blog\/wp-content\/uploads\/2022\/01\/tonga_luftdruck-1024x648.png 1024w, https:\/\/www.bastel-bastel.de\/blog\/wp-content\/uploads\/2022\/01\/tonga_luftdruck-300x190.png 300w, https:\/\/www.bastel-bastel.de\/blog\/wp-content\/uploads\/2022\/01\/tonga_luftdruck-768x486.png 768w, https:\/\/www.bastel-bastel.de\/blog\/wp-content\/uploads\/2022\/01\/tonga_luftdruck.png 1265w\" sizes=\"auto, (max-width: 1024px) 100vw, 1024px\" \/><figcaption>Druckwelle des Vulkanausbruchs in Tonga!<\/figcaption><\/figure>\n\n\n\n<p>Auf dieser Grafik sieht man gegen 20:33 Uhr die Druckwelle. Die gr\u00fcne Linie stellt den Luftdruck dar, um 20:33 schneller Anstieg um 1,5hPa, danach Abfall um 3hPa. Danach pendelt sich der Luftdruck wieder auf den Ursprungswert ein. Gegen ungef\u00e4hr 2:15 die 2. Druckwelle, etwas schw\u00e4cher.<\/p>\n\n\n\n<p><strong>Ausblick<\/strong><br>Es soll schmuddelig weitergehen. Immer wieder sind Schauer vorhergesagt. Teils als Regen, teils als Schneeregen. Bei Temperaturen zwischen -4\u00b0C in der Nacht und +6\u00b0C am Tag l\u00e4sst der Winter aber weiter auf sich warten.<br>Die Sonne macht sich rar, es wird \u00fcberwiegend bew\u00f6lkt, erst ab Montag soll es trockener werden und wieder gr\u00f6\u00dfere sonnige Abschnitte geben.<\/p>\n\n\n\n<p><\/p>\n","protected":false},"excerpt":{"rendered":"<p>R\u00fcckblickAm 18.1. war der Tag des Schneemanns. Nur leider gab es dieses Jahr bei uns im Flachland noch keinen Schnee.<\/p>\n","protected":false},"author":1,"featured_media":0,"comment_status":"open","ping_status":"","sticky":false,"template":"","format":"standard","meta":{"footnotes":""},"categories":[21],"tags":[419,113,420,418,212,216],"class_list":["post-6732","post","type-post","status-publish","format-standard","hentry","category-wetter-der-blog-zu-www-ingersheimwetter-de","tag-druckwelle","tag-ingersheim","tag-schmuddelwetter","tag-tonga","tag-wetter","tag-winter"],"_links":{"self":[{"href":"https:\/\/www.bastel-bastel.de\/blog\/index.php\/wp-json\/wp\/v2\/posts\/6732","targetHints":{"allow":["GET"]}}],"collection":[{"href":"https:\/\/www.bastel-bastel.de\/blog\/index.php\/wp-json\/wp\/v2\/posts"}],"about":[{"href":"https:\/\/www.bastel-bastel.de\/blog\/index.php\/wp-json\/wp\/v2\/types\/post"}],"author":[{"embeddable":true,"href":"https:\/\/www.bastel-bastel.de\/blog\/index.php\/wp-json\/wp\/v2\/users\/1"}],"replies":[{"embeddable":true,"href":"https:\/\/www.bastel-bastel.de\/blog\/index.php\/wp-json\/wp\/v2\/comments?post=6732"}],"version-history":[{"count":1,"href":"https:\/\/www.bastel-bastel.de\/blog\/index.php\/wp-json\/wp\/v2\/posts\/6732\/revisions"}],"predecessor-version":[{"id":6735,"href":"https:\/\/www.bastel-bastel.de\/blog\/index.php\/wp-json\/wp\/v2\/posts\/6732\/revisions\/6735"}],"wp:attachment":[{"href":"https:\/\/www.bastel-bastel.de\/blog\/index.php\/wp-json\/wp\/v2\/media?parent=6732"}],"wp:term":[{"taxonomy":"category","embeddable":true,"href":"https:\/\/www.bastel-bastel.de\/blog\/index.php\/wp-json\/wp\/v2\/categories?post=6732"},{"taxonomy":"post_tag","embeddable":true,"href":"https:\/\/www.bastel-bastel.de\/blog\/index.php\/wp-json\/wp\/v2\/tags?post=6732"}],"curies":[{"name":"wp","href":"https:\/\/api.w.org\/{rel}","templated":true}]}}