{"id":6670,"date":"2021-12-29T10:46:56","date_gmt":"2021-12-29T09:46:56","guid":{"rendered":"https:\/\/www.bastel-bastel.de\/blog\/?p=6670"},"modified":"2021-12-29T10:46:56","modified_gmt":"2021-12-29T09:46:56","slug":"jochens-wetterblog-am-30-12-2021","status":"publish","type":"post","link":"https:\/\/www.bastel-bastel.de\/blog\/index.php\/2021\/12\/29\/jochens-wetterblog-am-30-12-2021\/","title":{"rendered":"Jochens Wetterblog am 30.12.2021"},"content":{"rendered":"\n<figure class=\"wp-block-image size-large\"><img loading=\"lazy\" decoding=\"async\" width=\"768\" height=\"1024\" src=\"https:\/\/www.bastel-bastel.de\/blog\/wp-content\/uploads\/2021\/12\/iceman-768x1024.jpg\" alt=\"\" class=\"wp-image-6671\" srcset=\"https:\/\/www.bastel-bastel.de\/blog\/wp-content\/uploads\/2021\/12\/iceman-768x1024.jpg 768w, https:\/\/www.bastel-bastel.de\/blog\/wp-content\/uploads\/2021\/12\/iceman-225x300.jpg 225w, https:\/\/www.bastel-bastel.de\/blog\/wp-content\/uploads\/2021\/12\/iceman-1152x1536.jpg 1152w, https:\/\/www.bastel-bastel.de\/blog\/wp-content\/uploads\/2021\/12\/iceman.jpg 1536w\" sizes=\"auto, (max-width: 768px) 100vw, 768px\" \/><\/figure>\n\n\n\n<p><strong>R\u00fcckblick<\/strong><br>Der Dezember wird wohl einer der niederschlagsreichsten Monate seit Langem. In der letzten Woche sind noch einmal 29 Liter pro Quadratmeter dazugekommen. Die Sonne hat am Mittwoch gezeigt, dass sie noch da ist. Mit 6 Stunden Sonnenschein war das der sch\u00f6nste Tag der Woche. Danach versteckte sie sich f\u00fcr den Rest der Woche wieder hinter dicken Wolken. Insgesamt kamen nur 8 Sonnenstunden zusammen. Das sind gerade einmal 2 Stunden Sonnenschein f\u00fcr Donnerstag bis Dienstag. Der Rest war Dunkelheit.<br>Am Mittwoch war es morgens mit unter -7\u00b0C frostig kalt und auch tags\u00fcber wurde es nur 1\u00b0C warm. Der Donnerstag begann auch mit -6\u00b0C. Ab Freitag wurde es deutlich w\u00e4rmer und bis Dienstag wurden \u00fcber 10\u00b0C erreicht.<br>Eine Schlechtwetterfront zog am Dienstagabend herein. Dabei war die Ruhe vor dem Sturm besonders ausgepr\u00e4gt. Von 15:00 Uhr an herrschte praktisch Windstille und gegen 16 Uhr brauste die erste B\u00f6e gleich mit 75km\/h \u00fcber uns hinweg. Die Temperatur fiel um \u00fcber 2 Grad und f\u00fcr ein paar Minuten regnete es sehr heftig. Anschlie\u00dfend ging es st\u00fcrmisch in die Nacht.<\/p>\n\n\n\n<p><strong>Ausblick<\/strong><br>Der Jahreswechsel wird trocken und sehr mild. Tags\u00fcber zeigt sich endlich mal wieder die Sonne. Die Temperaturen k\u00f6nnen bis \u00fcber 12\u00b0C steigen. Nachts geht es kaum unter 6\u00b0C.<br>Ab Sonntag ziehen dann wieder Wolken auf und es soll wieder regnen. Bis Mitte der Neujahrswoche liegt die Niederschlagswahrscheinlichkeit bei 90%. F\u00fcr die Jahreszeit bleibt es viel zu warm.<\/p>\n","protected":false},"excerpt":{"rendered":"<p>R\u00fcckblickDer Dezember wird wohl einer der niederschlagsreichsten Monate seit Langem. In der letzten Woche sind noch einmal 29 Liter pro<\/p>\n","protected":false},"author":1,"featured_media":0,"comment_status":"open","ping_status":"","sticky":false,"template":"","format":"standard","meta":{"footnotes":""},"categories":[21],"tags":[119,187,410,212],"class_list":["post-6670","post","type-post","status-publish","format-standard","hentry","category-wetter-der-blog-zu-www-ingersheimwetter-de","tag-kalt","tag-sturm","tag-sturmfront","tag-wetter"],"_links":{"self":[{"href":"https:\/\/www.bastel-bastel.de\/blog\/index.php\/wp-json\/wp\/v2\/posts\/6670","targetHints":{"allow":["GET"]}}],"collection":[{"href":"https:\/\/www.bastel-bastel.de\/blog\/index.php\/wp-json\/wp\/v2\/posts"}],"about":[{"href":"https:\/\/www.bastel-bastel.de\/blog\/index.php\/wp-json\/wp\/v2\/types\/post"}],"author":[{"embeddable":true,"href":"https:\/\/www.bastel-bastel.de\/blog\/index.php\/wp-json\/wp\/v2\/users\/1"}],"replies":[{"embeddable":true,"href":"https:\/\/www.bastel-bastel.de\/blog\/index.php\/wp-json\/wp\/v2\/comments?post=6670"}],"version-history":[{"count":1,"href":"https:\/\/www.bastel-bastel.de\/blog\/index.php\/wp-json\/wp\/v2\/posts\/6670\/revisions"}],"predecessor-version":[{"id":6672,"href":"https:\/\/www.bastel-bastel.de\/blog\/index.php\/wp-json\/wp\/v2\/posts\/6670\/revisions\/6672"}],"wp:attachment":[{"href":"https:\/\/www.bastel-bastel.de\/blog\/index.php\/wp-json\/wp\/v2\/media?parent=6670"}],"wp:term":[{"taxonomy":"category","embeddable":true,"href":"https:\/\/www.bastel-bastel.de\/blog\/index.php\/wp-json\/wp\/v2\/categories?post=6670"},{"taxonomy":"post_tag","embeddable":true,"href":"https:\/\/www.bastel-bastel.de\/blog\/index.php\/wp-json\/wp\/v2\/tags?post=6670"}],"curies":[{"name":"wp","href":"https:\/\/api.w.org\/{rel}","templated":true}]}}