{"id":6539,"date":"2021-12-08T13:02:03","date_gmt":"2021-12-08T12:02:03","guid":{"rendered":"https:\/\/www.bastel-bastel.de\/blog\/?p=6539"},"modified":"2021-12-08T13:02:04","modified_gmt":"2021-12-08T12:02:04","slug":"jochens-wetterblog-am-8-12-2021","status":"publish","type":"post","link":"https:\/\/www.bastel-bastel.de\/blog\/index.php\/2021\/12\/08\/jochens-wetterblog-am-8-12-2021\/","title":{"rendered":"Jochens Wetterblog am 8.12.2021"},"content":{"rendered":"\n<figure class=\"wp-block-image size-large\"><img loading=\"lazy\" decoding=\"async\" width=\"745\" height=\"1024\" src=\"https:\/\/www.bastel-bastel.de\/blog\/wp-content\/uploads\/2021\/12\/IMG_0042-745x1024.jpg\" alt=\"\" class=\"wp-image-6540\" srcset=\"https:\/\/www.bastel-bastel.de\/blog\/wp-content\/uploads\/2021\/12\/IMG_0042-745x1024.jpg 745w, https:\/\/www.bastel-bastel.de\/blog\/wp-content\/uploads\/2021\/12\/IMG_0042-218x300.jpg 218w, https:\/\/www.bastel-bastel.de\/blog\/wp-content\/uploads\/2021\/12\/IMG_0042-768x1055.jpg 768w, https:\/\/www.bastel-bastel.de\/blog\/wp-content\/uploads\/2021\/12\/IMG_0042-1118x1536.jpg 1118w, https:\/\/www.bastel-bastel.de\/blog\/wp-content\/uploads\/2021\/12\/IMG_0042.jpg 1456w\" sizes=\"auto, (max-width: 745px) 100vw, 745px\" \/><\/figure>\n\n\n\n<p><strong>R\u00fcckblick <\/strong><\/p>\n\n\n\n<p>Am Mittwoch hat der meteorologische Winter begonnen. Der fing erst mal ziemlich dunkel an. Insgesamt kamen in der gesamten Woche nur 8 Sonnenstunden zusammen. Mittwoch, Donnerstag und Samstag kam die Sonne nicht durch die Wolken. Daf\u00fcr zeigte sie sich am Dienstag gleich 4 Stunden. Da wollte sie wohl kurz sagen &#8222;Hallo, ich bin auch noch da&#8220;. Die zur\u00fcckliegende Woche war nicht nur sehr dunkel, sondern auch tr\u00fcbe und sehr nass. Jeden Tag fiel Regen oder Schneeregen. Insgesamt kamen 39 Liter pro Quadratmeter zusammen. Damit ist der Durchschnittswert von 41l\/qm f\u00fcr den Monat Dezember bereits in der ersten Woche erreicht. Der meiste Niederschlag fiel am Wochenende mit jeweils knapp 10l\/qm am Samstag und Sonntag. Der Wind erreichte in B\u00f6en 46km\/h. Nachts sanken die Temperaturen teilweise leicht in den Frostbereich. Am Donnerstag wurden -2\u00b0C erreicht. Tags\u00fcber lagen die Werte zwischen kalten 4\u00b0C am Freitag bis knapp 10\u00b0C am Mittwoch.<\/p>\n\n\n\n<p>Ausblick <\/p>\n\n\n\n<p>Es geht wohl ohne gro\u00dfe \u00c4nderung weiter. Wenig Sonne, sehr viele Wolken, aus denen immer wieder Niederschlag f\u00e4llt. Bei vorhergesagten Temperaturen von -1\u00b0C bis 5\u00b0C \u00fcberwiegend als Regen oder Schneeregen.\u00a0 Tags\u00fcber wird es nur 3\u00b0C bis 5\u00b0C warm, nachts kann es leichten Frost geben.<\/p>\n","protected":false},"excerpt":{"rendered":"<p>R\u00fcckblick Am Mittwoch hat der meteorologische Winter begonnen. Der fing erst mal ziemlich dunkel an. Insgesamt kamen in der gesamten<\/p>\n","protected":false},"author":1,"featured_media":0,"comment_status":"open","ping_status":"","sticky":false,"template":"","format":"standard","meta":{"footnotes":""},"categories":[21],"tags":[381,375,119,140,216],"class_list":["post-6539","post","type-post","status-publish","format-standard","hentry","category-wetter-der-blog-zu-www-ingersheimwetter-de","tag-dezember","tag-dunkel","tag-kalt","tag-nass","tag-winter"],"_links":{"self":[{"href":"https:\/\/www.bastel-bastel.de\/blog\/index.php\/wp-json\/wp\/v2\/posts\/6539","targetHints":{"allow":["GET"]}}],"collection":[{"href":"https:\/\/www.bastel-bastel.de\/blog\/index.php\/wp-json\/wp\/v2\/posts"}],"about":[{"href":"https:\/\/www.bastel-bastel.de\/blog\/index.php\/wp-json\/wp\/v2\/types\/post"}],"author":[{"embeddable":true,"href":"https:\/\/www.bastel-bastel.de\/blog\/index.php\/wp-json\/wp\/v2\/users\/1"}],"replies":[{"embeddable":true,"href":"https:\/\/www.bastel-bastel.de\/blog\/index.php\/wp-json\/wp\/v2\/comments?post=6539"}],"version-history":[{"count":1,"href":"https:\/\/www.bastel-bastel.de\/blog\/index.php\/wp-json\/wp\/v2\/posts\/6539\/revisions"}],"predecessor-version":[{"id":6541,"href":"https:\/\/www.bastel-bastel.de\/blog\/index.php\/wp-json\/wp\/v2\/posts\/6539\/revisions\/6541"}],"wp:attachment":[{"href":"https:\/\/www.bastel-bastel.de\/blog\/index.php\/wp-json\/wp\/v2\/media?parent=6539"}],"wp:term":[{"taxonomy":"category","embeddable":true,"href":"https:\/\/www.bastel-bastel.de\/blog\/index.php\/wp-json\/wp\/v2\/categories?post=6539"},{"taxonomy":"post_tag","embeddable":true,"href":"https:\/\/www.bastel-bastel.de\/blog\/index.php\/wp-json\/wp\/v2\/tags?post=6539"}],"curies":[{"name":"wp","href":"https:\/\/api.w.org\/{rel}","templated":true}]}}