{"id":6103,"date":"2021-11-10T11:41:05","date_gmt":"2021-11-10T10:41:05","guid":{"rendered":"https:\/\/www.bastel-bastel.de\/blog\/?p=6103"},"modified":"2021-11-10T11:41:06","modified_gmt":"2021-11-10T10:41:06","slug":"jochens-wetterblog-am-11-11-2021","status":"publish","type":"post","link":"https:\/\/www.bastel-bastel.de\/blog\/index.php\/2021\/11\/10\/jochens-wetterblog-am-11-11-2021\/","title":{"rendered":"Jochens Wetterblog am 11.11.2021"},"content":{"rendered":"\n<figure class=\"wp-block-image size-large\"><img loading=\"lazy\" decoding=\"async\" width=\"768\" height=\"1024\" src=\"https:\/\/www.bastel-bastel.de\/blog\/wp-content\/uploads\/2021\/11\/IMG_3386-768x1024.jpg\" alt=\"Das Neckartal\" class=\"wp-image-6104\" srcset=\"https:\/\/www.bastel-bastel.de\/blog\/wp-content\/uploads\/2021\/11\/IMG_3386-768x1024.jpg 768w, https:\/\/www.bastel-bastel.de\/blog\/wp-content\/uploads\/2021\/11\/IMG_3386-225x300.jpg 225w, https:\/\/www.bastel-bastel.de\/blog\/wp-content\/uploads\/2021\/11\/IMG_3386-1152x1536.jpg 1152w, https:\/\/www.bastel-bastel.de\/blog\/wp-content\/uploads\/2021\/11\/IMG_3386.jpg 1500w\" sizes=\"auto, (max-width: 768px) 100vw, 768px\" \/><figcaption>Blick aus den Weinbergen in Hessigheim nach Mundelsheim<\/figcaption><\/figure>\n\n\n\n<p><strong>R\u00fcckblick <\/strong><\/p>\n\n\n\n<p>Eine \u00fcberwiegend tr\u00fcbe Herbstwoche liegt hinter uns. Nebel beherrschte das Wetter in den letzten Tagen. Die Sonne schaffte es kaum durch die Wolken. Es\u00a0 war dunkel und kalt. Durch die hohe Luftfeuchte f\u00fchlte es sich sogar noch etwas frostiger an. Mit\u00a0 4 kalten Tagen (Tmax &lt;10\u00b0C) und 1 Frosttag (Tmin &lt;0\u00b0C) war es recht unangenehm. Insgesamt kamen nur 15 Sonnenstunden zusammen. Der Dienstag, als sch\u00f6nster Tag der Woche, hatte daran alleine 7 Stunden Anteil. Am Montag waren es immerhin noch 4 Stunden. Die \u00fcbrigen Tage waren fast durchgehend neblig oder stark bew\u00f6lkt. Die H\u00f6chstwerte erreichten im Nebel kaum 10\u00b0C, nur am Dienstag wurde es in der Sonne gut 11\u00b0C warm. Nachts sanken die Temperaturen bis knapp \u00fcber den Gefrierpunkt, am Dienstag fr\u00fch herrschte mit -1\u00b0C sogar leichter Frost.\u00a0 Auf den Stra\u00dfen war es teilweise etwas rutschig. Zeit, die Winterreifen aufzuziehen. Von Mittwoch bis Samstag fiel immer wieder etwas Niederschlag. Von Sonntag bis Montag war der Nebel so dick, dass auch hier etwas Niederschlag durch Kondensation entstand. Insgesamt kamen 11 l\/qm zusammen. Der Wind war nur schwach und erreichte in B\u00f6en bis 38km\/h.<\/p>\n\n\n\n<p><strong>Ausblick<\/strong><\/p>\n\n\n\n<p>Es gibt weiterhin viel Nebel. F\u00fcr Samstag ist Regen angek\u00fcndigt. Mit etwas Gl\u00fcck kann sich die Sonne ab und zu durch den Nebel k\u00e4mpfen, die Wolken werden aber \u00fcberwiegen. Die H\u00f6chstwerte erreichen in den n\u00e4chsten Tagen kaum 10\u00b0C. Nachts gehen die Temperaturen bis auf den Gefrierpunkt zur\u00fcck. Es kann leichten Nachtfrost geben.<\/p>\n","protected":false},"excerpt":{"rendered":"<p>R\u00fcckblick Eine \u00fcberwiegend tr\u00fcbe Herbstwoche liegt hinter uns. Nebel beherrschte das Wetter in den letzten Tagen. Die Sonne schaffte es<\/p>\n","protected":false},"author":1,"featured_media":0,"comment_status":"open","ping_status":"","sticky":false,"template":"","format":"standard","meta":{"footnotes":""},"categories":[21],"tags":[107,113,361,141,161],"class_list":["post-6103","post","type-post","status-publish","format-standard","hentry","category-wetter-der-blog-zu-www-ingersheimwetter-de","tag-herbst","tag-ingersheim","tag-mundelsheim","tag-nebel","tag-regen"],"_links":{"self":[{"href":"https:\/\/www.bastel-bastel.de\/blog\/index.php\/wp-json\/wp\/v2\/posts\/6103","targetHints":{"allow":["GET"]}}],"collection":[{"href":"https:\/\/www.bastel-bastel.de\/blog\/index.php\/wp-json\/wp\/v2\/posts"}],"about":[{"href":"https:\/\/www.bastel-bastel.de\/blog\/index.php\/wp-json\/wp\/v2\/types\/post"}],"author":[{"embeddable":true,"href":"https:\/\/www.bastel-bastel.de\/blog\/index.php\/wp-json\/wp\/v2\/users\/1"}],"replies":[{"embeddable":true,"href":"https:\/\/www.bastel-bastel.de\/blog\/index.php\/wp-json\/wp\/v2\/comments?post=6103"}],"version-history":[{"count":1,"href":"https:\/\/www.bastel-bastel.de\/blog\/index.php\/wp-json\/wp\/v2\/posts\/6103\/revisions"}],"predecessor-version":[{"id":6105,"href":"https:\/\/www.bastel-bastel.de\/blog\/index.php\/wp-json\/wp\/v2\/posts\/6103\/revisions\/6105"}],"wp:attachment":[{"href":"https:\/\/www.bastel-bastel.de\/blog\/index.php\/wp-json\/wp\/v2\/media?parent=6103"}],"wp:term":[{"taxonomy":"category","embeddable":true,"href":"https:\/\/www.bastel-bastel.de\/blog\/index.php\/wp-json\/wp\/v2\/categories?post=6103"},{"taxonomy":"post_tag","embeddable":true,"href":"https:\/\/www.bastel-bastel.de\/blog\/index.php\/wp-json\/wp\/v2\/tags?post=6103"}],"curies":[{"name":"wp","href":"https:\/\/api.w.org\/{rel}","templated":true}]}}