{"id":6100,"date":"2021-11-04T11:10:00","date_gmt":"2021-11-04T10:10:00","guid":{"rendered":"https:\/\/www.bastel-bastel.de\/blog\/?p=6100"},"modified":"2021-11-10T11:14:38","modified_gmt":"2021-11-10T10:14:38","slug":"jochens-wetterblog-am-4-11-2021","status":"publish","type":"post","link":"https:\/\/www.bastel-bastel.de\/blog\/index.php\/2021\/11\/04\/jochens-wetterblog-am-4-11-2021\/","title":{"rendered":"Jochens Wetterblog am 4.11.2021"},"content":{"rendered":"\n<figure class=\"wp-block-image size-large\"><img loading=\"lazy\" decoding=\"async\" width=\"768\" height=\"1024\" src=\"https:\/\/www.bastel-bastel.de\/blog\/wp-content\/uploads\/2021\/11\/20211030_204701-768x1024.jpg\" alt=\"Lichtinstallation im Bl\u00fchenden Barock Ludwigsburg\" class=\"wp-image-6101\" srcset=\"https:\/\/www.bastel-bastel.de\/blog\/wp-content\/uploads\/2021\/11\/20211030_204701-768x1024.jpg 768w, https:\/\/www.bastel-bastel.de\/blog\/wp-content\/uploads\/2021\/11\/20211030_204701-225x300.jpg 225w, https:\/\/www.bastel-bastel.de\/blog\/wp-content\/uploads\/2021\/11\/20211030_204701-1152x1536.jpg 1152w, https:\/\/www.bastel-bastel.de\/blog\/wp-content\/uploads\/2021\/11\/20211030_204701.jpg 1500w\" sizes=\"auto, (max-width: 768px) 100vw, 768px\" \/><\/figure>\n\n\n\n<p><strong>R\u00fcckblick <\/strong><\/p>\n\n\n\n<p>Das Wetter schwankt in Richtung Winter. Von maximal 16\u00b0C am Mittwoch sanken die H\u00f6chstwerte auf unter 10\u00b0C am Samstag. Am Sonntag stiegen die Werte wieder auf angenehme 21\u00b0C, am Montag ging es aber schon wieder abw\u00e4rts. Nur noch 13\u00b0C standen als H\u00f6chsttemperatur auf dem Thermometer und am Dienstag wurden keine 10\u00b0C mehr erreicht. Nachts lagen die Tiefstwerte am Samstag bei knapp 2\u00b0C. Niederschlag fiel jeden Tag ein wenig. Gut, wenn man immer einen Regenschirm dabei hatte. Mittwoch bis Freitag war es \u00fcberwiegend kondensierender Nebel, Samstag und Sonntag kamen jeweils 1l\/qm zusammen. Montag und Dienstag waren es dann je 7l\/qm. Insgesamt regnete es 16l\/qm. Der Wind war von Mittwoch bis Montag nur schwach unterwegs. Am Dienstag wurde es etwas windiger und B\u00f6en erreichten bis 46km\/h. Die Sonne zeigte sich von Mittwoch bis Freitag jeweils um die 7 Stunden, am Samstag war es \u00fcberwiegend stark bew\u00f6lkt. Am Sonntag kam die Sonne\u00a0 f\u00fcr 6 Stunden hervor und ab Montag blieb es wieder \u00fcberwiegend dunkel, neblig\u00a0 und bew\u00f6lkt.<\/p>\n\n\n\n<p><strong>Ausblick <\/strong><\/p>\n\n\n\n<p>Bis Freitag bleibt es neblig und wolkig. Die H\u00f6chsttemperaturen erreichen nur 9\u00b0C, das Niederschlagsrisiko liegt bei 90% Der Samstag kann nach Nebelaufl\u00f6sung sonnig werden, f\u00fcr Sonntag ist dann wieder 90% Regenwahrscheinlichkeit angesagt. Die Temperaturen steigen tags\u00fcber nur bis 11\u00b0C, nachts gehen die Werte bis auf 2\u00b0C zur\u00fcck.<\/p>\n","protected":false},"excerpt":{"rendered":"<p>R\u00fcckblick Das Wetter schwankt in Richtung Winter. Von maximal 16\u00b0C am Mittwoch sanken die H\u00f6chstwerte auf unter 10\u00b0C am Samstag.<\/p>\n","protected":false},"author":1,"featured_media":0,"comment_status":"open","ping_status":"","sticky":false,"template":"","format":"standard","meta":{"footnotes":""},"categories":[21],"tags":[107,161,212],"class_list":["post-6100","post","type-post","status-publish","format-standard","hentry","category-wetter-der-blog-zu-www-ingersheimwetter-de","tag-herbst","tag-regen","tag-wetter"],"_links":{"self":[{"href":"https:\/\/www.bastel-bastel.de\/blog\/index.php\/wp-json\/wp\/v2\/posts\/6100","targetHints":{"allow":["GET"]}}],"collection":[{"href":"https:\/\/www.bastel-bastel.de\/blog\/index.php\/wp-json\/wp\/v2\/posts"}],"about":[{"href":"https:\/\/www.bastel-bastel.de\/blog\/index.php\/wp-json\/wp\/v2\/types\/post"}],"author":[{"embeddable":true,"href":"https:\/\/www.bastel-bastel.de\/blog\/index.php\/wp-json\/wp\/v2\/users\/1"}],"replies":[{"embeddable":true,"href":"https:\/\/www.bastel-bastel.de\/blog\/index.php\/wp-json\/wp\/v2\/comments?post=6100"}],"version-history":[{"count":1,"href":"https:\/\/www.bastel-bastel.de\/blog\/index.php\/wp-json\/wp\/v2\/posts\/6100\/revisions"}],"predecessor-version":[{"id":6102,"href":"https:\/\/www.bastel-bastel.de\/blog\/index.php\/wp-json\/wp\/v2\/posts\/6100\/revisions\/6102"}],"wp:attachment":[{"href":"https:\/\/www.bastel-bastel.de\/blog\/index.php\/wp-json\/wp\/v2\/media?parent=6100"}],"wp:term":[{"taxonomy":"category","embeddable":true,"href":"https:\/\/www.bastel-bastel.de\/blog\/index.php\/wp-json\/wp\/v2\/categories?post=6100"},{"taxonomy":"post_tag","embeddable":true,"href":"https:\/\/www.bastel-bastel.de\/blog\/index.php\/wp-json\/wp\/v2\/tags?post=6100"}],"curies":[{"name":"wp","href":"https:\/\/api.w.org\/{rel}","templated":true}]}}