{"id":501,"date":"2017-09-01T15:26:00","date_gmt":"2017-09-01T13:26:00","guid":{"rendered":"http:\/\/www.bastel-bastel.de\/blog\/?p=501"},"modified":"2017-09-01T15:26:00","modified_gmt":"2017-09-01T13:26:00","slug":"jochens-wetterblog-am-17-8-2017","status":"publish","type":"post","link":"https:\/\/www.bastel-bastel.de\/blog\/index.php\/2017\/09\/01\/jochens-wetterblog-am-17-8-2017\/","title":{"rendered":"Jochens Wetterblog am 17.8.2017"},"content":{"rendered":"<p><strong>R\u00fcckblick<a href=\"https:\/\/www.bastel-bastel.de\/blog\/wp-content\/uploads\/2017\/09\/IMG_20170716_134308.jpg\"><img loading=\"lazy\" decoding=\"async\" class=\"size-medium wp-image-502 alignright\" src=\"https:\/\/www.bastel-bastel.de\/blog\/wp-content\/uploads\/2017\/09\/IMG_20170716_134308-226x300.jpg\" alt=\"\" width=\"226\" height=\"300\" \/><\/a><\/strong><br \/>\nEine ziemlich durchwachsene Woche liegt hinter uns. Der Mittwoch war zwar mit H\u00f6chstwerten um 25\u00b0C ein Sommertag, allerdings auch mit einigem Niederschlag. Donnerstag, Freitag und Samstag gab bei dicken Wolkenkein Durchkommen f\u00fcr die Sonne. Daf\u00fcr viel Regen und herbstliche Temperaturen. Der Freitag schaffte es kaum \u00fcber die 15\u00b0C. Ab Sonntag wurde es wieder w\u00e4rmer, Montag und Dienstag war es mit \u00fcber 30\u00b0C dann auch gleich wieder sommerlich hei\u00df bis am Dienstag Abend schwere Gewitter \u00fcber uns hinwegzogen. Die dauerten zwar nicht lange, daf\u00fcr waren sie umso heftiger. Mit Blitz und Donner, sintflutartigem Regen und teilweise auch Hagel.\u00a0 Danach ging es etwas k\u00fchler und wechselhafter aber immer noch sommerlich weiter.<br \/>\n&nbsp;<br \/>\n<strong>Ausblick<\/strong><br \/>\nDonnerstag und Freitag sollen heiter und sommerlich warm werden mit Temperaturen bis \u00fcber 28\u00b0C. Freitag abend wird es gewittrig und das Wochenende unbest\u00e4ndig. Die Temperaturen am Wochenende sollen nur noch um die 20\u00b0C erreichen.<br \/>\n&nbsp;<\/p>\n","protected":false},"excerpt":{"rendered":"<p>R\u00fcckblick Eine ziemlich durchwachsene Woche liegt hinter uns. Der Mittwoch war zwar mit H\u00f6chstwerten um 25\u00b0C ein Sommertag, allerdings auch<\/p>\n","protected":false},"author":1,"featured_media":0,"comment_status":"open","ping_status":"open","sticky":false,"template":"","format":"standard","meta":{"footnotes":""},"categories":[21],"tags":[176,178,212],"class_list":["post-501","post","type-post","status-publish","format-standard","hentry","category-wetter-der-blog-zu-www-ingersheimwetter-de","tag-sommer","tag-sonne","tag-wetter"],"_links":{"self":[{"href":"https:\/\/www.bastel-bastel.de\/blog\/index.php\/wp-json\/wp\/v2\/posts\/501","targetHints":{"allow":["GET"]}}],"collection":[{"href":"https:\/\/www.bastel-bastel.de\/blog\/index.php\/wp-json\/wp\/v2\/posts"}],"about":[{"href":"https:\/\/www.bastel-bastel.de\/blog\/index.php\/wp-json\/wp\/v2\/types\/post"}],"author":[{"embeddable":true,"href":"https:\/\/www.bastel-bastel.de\/blog\/index.php\/wp-json\/wp\/v2\/users\/1"}],"replies":[{"embeddable":true,"href":"https:\/\/www.bastel-bastel.de\/blog\/index.php\/wp-json\/wp\/v2\/comments?post=501"}],"version-history":[{"count":0,"href":"https:\/\/www.bastel-bastel.de\/blog\/index.php\/wp-json\/wp\/v2\/posts\/501\/revisions"}],"wp:attachment":[{"href":"https:\/\/www.bastel-bastel.de\/blog\/index.php\/wp-json\/wp\/v2\/media?parent=501"}],"wp:term":[{"taxonomy":"category","embeddable":true,"href":"https:\/\/www.bastel-bastel.de\/blog\/index.php\/wp-json\/wp\/v2\/categories?post=501"},{"taxonomy":"post_tag","embeddable":true,"href":"https:\/\/www.bastel-bastel.de\/blog\/index.php\/wp-json\/wp\/v2\/tags?post=501"}],"curies":[{"name":"wp","href":"https:\/\/api.w.org\/{rel}","templated":true}]}}