{"id":492,"date":"2017-08-09T20:48:57","date_gmt":"2017-08-09T18:48:57","guid":{"rendered":"http:\/\/www.bastel-bastel.de\/blog\/?p=492"},"modified":"2017-08-09T20:48:57","modified_gmt":"2017-08-09T18:48:57","slug":"jochens-wetterblog-am-4-8-2017","status":"publish","type":"post","link":"https:\/\/www.bastel-bastel.de\/blog\/index.php\/2017\/08\/09\/jochens-wetterblog-am-4-8-2017\/","title":{"rendered":"Jochens Wetterblog am 4.8.2017"},"content":{"rendered":"<p><strong>R\u00fcckblick<a href=\"https:\/\/www.bastel-bastel.de\/blog\/wp-content\/uploads\/2017\/08\/MG_6228.jpg\"><img loading=\"lazy\" decoding=\"async\" class=\"size-medium wp-image-493 alignright\" src=\"https:\/\/www.bastel-bastel.de\/blog\/wp-content\/uploads\/2017\/08\/MG_6228-229x300.jpg\" alt=\"\" width=\"229\" height=\"300\" \/><\/a><\/strong><br \/>\nNach dem Temperatureinbruch der\u00a0 Vorwoche wurde es die letzten Tage wieder deutlich w\u00e4rmer. Von 21\u00b0C am Mittwoch stiegen die H\u00f6chstwerte wieder auf \u00fcber 30\u00b0C. Freibadwetter war angesagt. Am Mittwoch gab es mit knapp 13l\/qm einigen Niederschlag und auch am Donnerstag fielen noch 4l\/qm Regen. Ab Freitag gab es viel Sonne. Der n\u00e4chste Niederschlag kam am Dienstag. Dunkle Wolken und eine Wetterdienst-Warnung vor Orkanb\u00f6en und Hagel\u00a0 k\u00fcndigten es an. Es sch\u00fcttete dann auch wie aus Eimern. In k\u00fcrzester Zeit kamen knapp 12l\/qm herunter. Der angek\u00fcndigte Hagel fiel zum Gl\u00fcck ein paar Kilometer weiter und schaffte es mit Hagelk\u00f6rnern bis \u00fcber 3cm sogar in die Abendnachrichten.<br \/>\n&nbsp;<br \/>\n<strong>Ausblick<\/strong><br \/>\nBis Samstag sind hei\u00dfe Temperaturen bis \u00fcber 30\u00b0C angesagt, danach wird es ab Sonntag mit maximal 25\u00b0C nicht mehr ganz so hei\u00df .\u00a0 F\u00fcr Donnerstag wird wieder vor Gewitter gewarnt, ab Freitag beruhigt sich das Wetter.\u00a0 8-10 Sonnenstunden sind t\u00e4glich m\u00f6glich, ab Sonntag wird es wechselhafter.<\/p>\n","protected":false},"excerpt":{"rendered":"<p>R\u00fcckblick Nach dem Temperatureinbruch der\u00a0 Vorwoche wurde es die letzten Tage wieder deutlich w\u00e4rmer. Von 21\u00b0C am Mittwoch stiegen die<\/p>\n","protected":false},"author":1,"featured_media":0,"comment_status":"open","ping_status":"open","sticky":false,"template":"","format":"standard","meta":{"footnotes":""},"categories":[21],"tags":[113,121,131,212,217],"class_list":["post-492","post","type-post","status-publish","format-standard","hentry","category-wetter-der-blog-zu-www-ingersheimwetter-de","tag-ingersheim","tag-klima","tag-ludwigsburg","tag-wetter","tag-wolken"],"_links":{"self":[{"href":"https:\/\/www.bastel-bastel.de\/blog\/index.php\/wp-json\/wp\/v2\/posts\/492","targetHints":{"allow":["GET"]}}],"collection":[{"href":"https:\/\/www.bastel-bastel.de\/blog\/index.php\/wp-json\/wp\/v2\/posts"}],"about":[{"href":"https:\/\/www.bastel-bastel.de\/blog\/index.php\/wp-json\/wp\/v2\/types\/post"}],"author":[{"embeddable":true,"href":"https:\/\/www.bastel-bastel.de\/blog\/index.php\/wp-json\/wp\/v2\/users\/1"}],"replies":[{"embeddable":true,"href":"https:\/\/www.bastel-bastel.de\/blog\/index.php\/wp-json\/wp\/v2\/comments?post=492"}],"version-history":[{"count":0,"href":"https:\/\/www.bastel-bastel.de\/blog\/index.php\/wp-json\/wp\/v2\/posts\/492\/revisions"}],"wp:attachment":[{"href":"https:\/\/www.bastel-bastel.de\/blog\/index.php\/wp-json\/wp\/v2\/media?parent=492"}],"wp:term":[{"taxonomy":"category","embeddable":true,"href":"https:\/\/www.bastel-bastel.de\/blog\/index.php\/wp-json\/wp\/v2\/categories?post=492"},{"taxonomy":"post_tag","embeddable":true,"href":"https:\/\/www.bastel-bastel.de\/blog\/index.php\/wp-json\/wp\/v2\/tags?post=492"}],"curies":[{"name":"wp","href":"https:\/\/api.w.org\/{rel}","templated":true}]}}