{"id":4785,"date":"2021-09-15T13:19:00","date_gmt":"2021-09-15T11:19:00","guid":{"rendered":"https:\/\/www.bastel-bastel.de\/blog\/?p=4785"},"modified":"2021-09-15T13:19:00","modified_gmt":"2021-09-15T11:19:00","slug":"jochens-wetterblog-am-16-9-2021","status":"publish","type":"post","link":"https:\/\/www.bastel-bastel.de\/blog\/index.php\/2021\/09\/15\/jochens-wetterblog-am-16-9-2021\/","title":{"rendered":"Jochens Wetterblog am 16.9.2021"},"content":{"rendered":"\n<figure class=\"wp-block-image size-large\"><img loading=\"lazy\" decoding=\"async\" width=\"768\" height=\"1024\" src=\"https:\/\/www.bastel-bastel.de\/blog\/wp-content\/uploads\/2021\/09\/20210902_113312-768x1024.jpg\" alt=\"\" class=\"wp-image-4786\" srcset=\"https:\/\/www.bastel-bastel.de\/blog\/wp-content\/uploads\/2021\/09\/20210902_113312-768x1024.jpg 768w, https:\/\/www.bastel-bastel.de\/blog\/wp-content\/uploads\/2021\/09\/20210902_113312-225x300.jpg 225w, https:\/\/www.bastel-bastel.de\/blog\/wp-content\/uploads\/2021\/09\/20210902_113312-1152x1536.jpg 1152w, https:\/\/www.bastel-bastel.de\/blog\/wp-content\/uploads\/2021\/09\/20210902_113312.jpg 1500w\" sizes=\"auto, (max-width: 768px) 100vw, 768px\" \/><\/figure>\n\n\n\n<p><strong>R\u00fcckblick<\/strong><br>Waren das die letzten Tage des Sommers? Bei \u00fcber 28\u00b0C am Mittwoch und Donnerstag gab es keine Spur von Herbst und auch an den anderen Tagen stiegen die Temperaturen auf sommerliche H\u00f6chstwerte. F\u00fcr September ist es schon ziemlich warm. Daher liegt der Monatswert derzeit auch noch 4 Grad \u00fcber dem Normal. Aber es sind ja noch ein paar Tage bis Ende September. Nachts sanken die Temperaturen auf Werte zwischen 10\u00b0C und 15\u00b0C. Auch das ist f\u00fcr die Jahreszeit etwas warm. Geregnet hat es dagegen bisher viel zu wenig. Am Freitag gab es 1l\/qm Niederschlag und am Samstag regnete es 6l\/qm. Insgesamt kamen bis zur Monatsmitte aber gerade einmal 10% des \u00fcblichen Niederschlags f\u00fcr September zusammen. Der Wind war nur schwach und erreichte in B\u00f6en maximal 33km\/h. Fr\u00fch morgens gab es einige Nebelfelder, aber nach deren Aufl\u00f6sung gab es t\u00e4glich viel Sonnenschein. Au\u00dfer am Samstag, da war es \u00fcberwiegend bew\u00f6lkt und die Sonne zeigte sich nur 3 Stunden. Insgesamt kamen trotzdem 54 Sonnenstunden zusammen.<br><\/p>\n\n\n\n<p><strong>Ausblick<\/strong><\/p>\n\n\n\n<p>Die n\u00e4chsten Tage wechselt das Wetter zwischen Wolken mit Niederschlag und Sonnenschein. F\u00fcr Donnerstag ist Regen vorhergesagt, Freitag wird es wechselhaft und am Samstag soll es sonnig und trocken werden, bevor es am Sonntag wieder regnerisch weitergeht. Die Temperaturen sinken langsam ab und ab Sonntag sollen auch die H\u00f6chstwerte unter 20\u00b0C bleiben.<\/p>\n\n\n\n<p><br><\/p>\n","protected":false},"excerpt":{"rendered":"<p>R\u00fcckblickWaren das die letzten Tage des Sommers? Bei \u00fcber 28\u00b0C am Mittwoch und Donnerstag gab es keine Spur von Herbst<\/p>\n","protected":false},"author":1,"featured_media":0,"comment_status":"open","ping_status":"","sticky":false,"template":"","format":"standard","meta":{"footnotes":""},"categories":[21],"tags":[],"class_list":["post-4785","post","type-post","status-publish","format-standard","hentry","category-wetter-der-blog-zu-www-ingersheimwetter-de"],"_links":{"self":[{"href":"https:\/\/www.bastel-bastel.de\/blog\/index.php\/wp-json\/wp\/v2\/posts\/4785","targetHints":{"allow":["GET"]}}],"collection":[{"href":"https:\/\/www.bastel-bastel.de\/blog\/index.php\/wp-json\/wp\/v2\/posts"}],"about":[{"href":"https:\/\/www.bastel-bastel.de\/blog\/index.php\/wp-json\/wp\/v2\/types\/post"}],"author":[{"embeddable":true,"href":"https:\/\/www.bastel-bastel.de\/blog\/index.php\/wp-json\/wp\/v2\/users\/1"}],"replies":[{"embeddable":true,"href":"https:\/\/www.bastel-bastel.de\/blog\/index.php\/wp-json\/wp\/v2\/comments?post=4785"}],"version-history":[{"count":1,"href":"https:\/\/www.bastel-bastel.de\/blog\/index.php\/wp-json\/wp\/v2\/posts\/4785\/revisions"}],"predecessor-version":[{"id":4787,"href":"https:\/\/www.bastel-bastel.de\/blog\/index.php\/wp-json\/wp\/v2\/posts\/4785\/revisions\/4787"}],"wp:attachment":[{"href":"https:\/\/www.bastel-bastel.de\/blog\/index.php\/wp-json\/wp\/v2\/media?parent=4785"}],"wp:term":[{"taxonomy":"category","embeddable":true,"href":"https:\/\/www.bastel-bastel.de\/blog\/index.php\/wp-json\/wp\/v2\/categories?post=4785"},{"taxonomy":"post_tag","embeddable":true,"href":"https:\/\/www.bastel-bastel.de\/blog\/index.php\/wp-json\/wp\/v2\/tags?post=4785"}],"curies":[{"name":"wp","href":"https:\/\/api.w.org\/{rel}","templated":true}]}}