{"id":4704,"date":"2021-09-16T16:01:00","date_gmt":"2021-09-16T14:01:00","guid":{"rendered":"https:\/\/www.bastel-bastel.de\/blog\/?p=4704"},"modified":"2021-09-23T10:22:13","modified_gmt":"2021-09-23T08:22:13","slug":"sind-wir-nicht-alle-ein-bisschen-bloede","status":"publish","type":"post","link":"https:\/\/www.bastel-bastel.de\/blog\/index.php\/2021\/09\/16\/sind-wir-nicht-alle-ein-bisschen-bloede\/","title":{"rendered":"Sind wir nicht alle ein bisschen bl\u00f6de?"},"content":{"rendered":"\n<p>Zugegeben, die \u00dcberschrift ist provokativ, aber wenn man sich anschaut, wie sich Menschen (ich selbst eingeschlossen) in die Klauen von Konzernen begeben, da kann einem angst und bange werden.<br><br><strong><em>Wer seine Daten in der Cloud speichert, darf den Wolkenbruch nicht f\u00fcrchten!<\/em><\/strong><\/p>\n\n\n\n<p><strong>Darf ich Deine Bilder anschauen?<\/strong><\/p>\n\n\n\n<figure class=\"wp-block-image size-large\"><a href=\"https:\/\/www.bastel-bastel.de\/blog\/index.php\/2021\/09\/16\/sind-wir-nicht-alle-ein-bisschen-bloede\/\"><img loading=\"lazy\" decoding=\"async\" width=\"1024\" height=\"794\" src=\"https:\/\/www.bastel-bastel.de\/blog\/wp-content\/uploads\/2021\/08\/20210829_121202-1024x794.jpg\" alt=\"\" class=\"wp-image-4754\" srcset=\"https:\/\/www.bastel-bastel.de\/blog\/wp-content\/uploads\/2021\/08\/20210829_121202-1024x794.jpg 1024w, https:\/\/www.bastel-bastel.de\/blog\/wp-content\/uploads\/2021\/08\/20210829_121202-300x233.jpg 300w, https:\/\/www.bastel-bastel.de\/blog\/wp-content\/uploads\/2021\/08\/20210829_121202-768x595.jpg 768w, https:\/\/www.bastel-bastel.de\/blog\/wp-content\/uploads\/2021\/08\/20210829_121202-1536x1190.jpg 1536w, https:\/\/www.bastel-bastel.de\/blog\/wp-content\/uploads\/2021\/08\/20210829_121202.jpg 2000w\" sizes=\"auto, (max-width: 1024px) 100vw, 1024px\" \/><\/a><\/figure>\n\n\n\n<p>Stelle Dir die folgende Situation vor: <br>Du befindest Dich auf dem Marktplatz irgendeiner Stadt. F\u00fcr mich selbst w\u00e4re das beispielsweise Bietigheim-Bissingen oder Ludwigsburg. Du freust Dich \u00fcber sch\u00f6nes Wetter und denkst an nichts b\u00f6ses.<\/p>\n\n\n\n<p>Pl\u00f6tzlich kommen ein paar Gestalten auf Dich zu und fordern Dich auf, Dein Handy herauszugeben.<br>Aber diesmal sind es nicht irgendwelche Verbrecher, die Dich beklauen wollen! Es handelt sich um Mitarbeiter des Handy-Herstellers, die Dich vor Dir selbst besch\u00fctzen wollen.<br>Diese Menschen wollen nur das Beste f\u00fcr Dich und m\u00f6chten Deine Fotos \u00fcberpr\u00fcfen, ob da auch wirklich nur Bilder enthalten sind, die nach US-Recht in Ordnung gehen. Richtig &#8211; US-Recht! Denn es handelt sich um Mitarbeiter von US-Firmen.  Angeblich geht es um den Schutz der Kinder!<br>Du k\u00f6nntest ja p\u00e4dophil sein. Aber auch schon Nackig-Fotos von Erwachsenen sind verd\u00e4chtig. Waffen oder Gewaltszenen sind dagegen in Ordnung, Wie gesagt &#8211; es geht um US-Recht.<br><br>W\u00fcrdest Du diesen wildfremden Menschen Deine private Fotosammlung zeigen?<br>Vermutlich wirst Du jetzt emp\u00f6rt widersprechen!<br><br><strong>Aber wieso tust Du es dann?!<\/strong><\/p>\n\n\n\n<!--more-->\n\n\n\n<p>Nicht nur auf dem Marktplatz Deiner Stadt, sondern immer und \u00fcberall!<\/p>\n\n\n\n<figure class=\"wp-block-image size-large\"><a href=\"https:\/\/www.bastel-bastel.de\/blog\/index.php\/2021\/09\/16\/sind-wir-nicht-alle-ein-bisschen-bloede\/\"><img loading=\"lazy\" decoding=\"async\" width=\"1024\" height=\"727\" src=\"https:\/\/www.bastel-bastel.de\/blog\/wp-content\/uploads\/2021\/09\/20210916_211000-1024x727.jpg\" alt=\"\" class=\"wp-image-4835\" srcset=\"https:\/\/www.bastel-bastel.de\/blog\/wp-content\/uploads\/2021\/09\/20210916_211000-1024x727.jpg 1024w, https:\/\/www.bastel-bastel.de\/blog\/wp-content\/uploads\/2021\/09\/20210916_211000-300x213.jpg 300w, https:\/\/www.bastel-bastel.de\/blog\/wp-content\/uploads\/2021\/09\/20210916_211000-768x545.jpg 768w, https:\/\/www.bastel-bastel.de\/blog\/wp-content\/uploads\/2021\/09\/20210916_211000-1536x1091.jpg 1536w, https:\/\/www.bastel-bastel.de\/blog\/wp-content\/uploads\/2021\/09\/20210916_211000.jpg 2000w\" sizes=\"auto, (max-width: 1024px) 100vw, 1024px\" \/><\/a><\/figure>\n\n\n\n<p><br>Google und Apple scannen schon lange Deine Fotosammlung, die Du in die Cloud hochl\u00e4dst.<br>Das weisst Du nicht? Aber Du hast doch zugestimmt, als Du Dein Handy installiert hast!<br>Apple hat offiziell angek\u00fcndigt, dass ab IOS 15 auch lokal nach Fotos gescannt wird, die der Firma oder dem Staat missfallen. <br>Die anderen Konzerne werden nachziehen, oder tun es bereits.<br>Du arbeitest mit MS-Office in der Cloud? Wunderbar, Du und Deine Daten werden vor Dir selbst gesch\u00fctzt.<br>Du l\u00e4dst Deine Daten in der iCloud oder bei Google hoch? Toll, alle Deine Daten werden zu Deiner Sicherheit und f\u00fcr ein tolles Benutzererlebnis analysiert. Du nutzt irgendeinen anderen Cloud-Dienst? Irgendeinen Mail-Anbieter? Hast Du die Nutzungsbedingungen durchgelesen? Schau mal genau hin.<br><br>Nat\u00fcrlich geht es erst mal nur um Kindesmissbrauch. Da kann man nicht widersprechen, denn das ist ja absolut b\u00f6se und wer einer Funktion widerspricht, die dem Kindeswohl dient, der ist sofort verd\u00e4chtig.<br><br>Irgendwann sp\u00e4ter geht es dann um die b\u00f6sen Kriminellen, Drogendealer und sonstige Randgruppen.<br>Die Schlinge zieht sich ganz langsam zu und wir machen alle freiwillig mit, denn jeder Schritt ist begr\u00fcndet und nachvollziehbar!<br>Oder hat schon irgendjemand irgendwo eine Demo gegen den drohenden \u00dcberwachungsstaat gesehen? Das ist doch auch alles so unverst\u00e4ndlich, so neblig. Als h\u00e4tte man Watte in den Ohren oder den Kopf in den Wolken. Nennen wir das Ph\u00e4nomen doch einfach Wolke und weil Denglisch besser ist, nennen wir es <strong>CLOUD! <\/strong><br><br><strong>1984!<\/strong><br>Wer den Roman 1984 noch nicht gelesen hat &#8211; jetzt w\u00e4re ein guter Zeitpunkt daf\u00fcr. Dabei ist die dort erz\u00e4hlte Total\u00fcberwachung ein Kindergeburtstag gegen das, was uns in der Realit\u00e4t bevorsteht.<br>Einfach deswegen, weil es zu Zeiten von George Orwell die heutigen \u00dcberwachungstechniken noch gar nicht gab.<br><br>Irgendwann werden nicht nur Bilder \u00fcberwacht, sondern auch Deine Textdateien (oder vermutlich werden sie es bereits!). <br>Denn mittlerweile haben auch andere M\u00e4chte  den privaten Ordnungskr\u00e4ften einen Auftrag zur Massen\u00fcberwachung erteilt. Sei es durch Geld oder Zwang.<br>Hast Du Dich irgendwann mal \u00fcber irgendwen negativ ge\u00e4u\u00dfert? Hast Du per Mail oder Messenger \u00fcber Politiker, andersdenkende oder bestimmte Gruppen gel\u00e4stert? Dumm gelaufen. Jetzt bist Du dran!<br><br>\u00dcbrigens &#8211; Mails werden schon lange und von verschiedenen Anbietern gescannt und \u00fcberwacht. Das ist ja auch so einfach, weil niemand Mails verschl\u00fcsselt, wie es eigentlich notwendig w\u00e4re. Man hat ja nichts zu verstecken.<br>Also falls Du mal in einer Mail etwas \u00fcber Sexspielzeug schreibst, Dich \u00fcber einen tollen Porno \u00e4u\u00dferst, dann wundere Dich nicht, wenn Du beim n\u00e4chsten Einkauf in den gro\u00dfen Onlineshops genau dazu passende Produkte angeboten bekommst.<br>Aber aufgemerkt beim L\u00e4stern \u00fcber irgendwelche Gruppen! Deine Mails sind weder privat, noch geheim. NSA und BND lesen mit und falls Du zu oft irgendwelche Schl\u00fcsselworte benutzt, dann bist Du f\u00e4llig.<br><\/p>\n\n\n\n<figure class=\"wp-block-image size-large\"><a href=\"https:\/\/www.bastel-bastel.de\/blog\/index.php\/2021\/09\/16\/sind-wir-nicht-alle-ein-bisschen-bloede\/\"><img loading=\"lazy\" decoding=\"async\" width=\"1024\" height=\"653\" src=\"https:\/\/www.bastel-bastel.de\/blog\/wp-content\/uploads\/2021\/09\/20210916_210700-1024x653.jpg\" alt=\"\" class=\"wp-image-4828\" srcset=\"https:\/\/www.bastel-bastel.de\/blog\/wp-content\/uploads\/2021\/09\/20210916_210700-1024x653.jpg 1024w, https:\/\/www.bastel-bastel.de\/blog\/wp-content\/uploads\/2021\/09\/20210916_210700-300x191.jpg 300w, https:\/\/www.bastel-bastel.de\/blog\/wp-content\/uploads\/2021\/09\/20210916_210700-768x490.jpg 768w, https:\/\/www.bastel-bastel.de\/blog\/wp-content\/uploads\/2021\/09\/20210916_210700-1536x980.jpg 1536w, https:\/\/www.bastel-bastel.de\/blog\/wp-content\/uploads\/2021\/09\/20210916_210700.jpg 2000w\" sizes=\"auto, (max-width: 1024px) 100vw, 1024px\" \/><\/a><\/figure>\n\n\n\n<p><br><strong>Fratzenbuch und Co.!<\/strong><br>1987 gab es Proteste und Aufst\u00e4nde gegen die Volksz\u00e4hlung. Niemand wollte dem Staat irgendetwas von sich preisgeben. Die Menschen damals waren schlau. Heute scheint diese Schlauheit verschwunden zu sein. Wie sonst kann es sein, dass die meisten Menschen Fratzenbuch &amp; Co freiwillig mehr und intimere Daten preisgibt, als es sich irgendwelche Geheimdienste je gew\u00fcnscht haben?<br>Zugegeben, ich nutzt es auch, schreibe ab und zu etwas Belangloses rein, oder Werbung f\u00fcr meinen Blog. Dabei ist selbst das zuviel! Manche aber outen sich komplett, machen sich nackig im Web. Schreiben \u00fcber Urlaub, Leben, Familie, den aktuellen Sex-Level und was es zu essen gab.<br>Idealerweise noch mit Fotos vom eigenen Kind, die werden sich sp\u00e4ter irgendwann daf\u00fcr bedanken.<br><br><br><strong>Du hast nichts zu verbergen und bist unschuldig?<\/strong><br>Jeder hat irgendeine dunkle Seite und eigentlich ist es gar nicht wichtig, ob Du schuldig bist, oder nicht.<br>Es reicht schon alleine der Verdacht. Bist Du erst mal in den Honigtopf der \u00dcberwachungsmaschinerie gefallen, dann kommst Du da nur schwer wieder heraus.<\/p>\n\n\n\n<p><\/p>\n\n\n\n<p><strong>\u00dcberall nur P\u00e4dophile!<\/strong><br>Kindesmissbrauch ist nat\u00fcrlich eines der \u00fcbelsten Dinge, die kranke Menschen tun.<br>Das l\u00e4sst sich in keinster Weise rechtfertigen und muss immer und absolut sanktioniert werden!<br><br>Aber ist Dir schon aufgefallen, dass immer dann, wenn der Staat Deine Rechte einschr\u00e4nken will, der Kampf gegen Kindesmissbrauch vorgestellt wird?  Es scheint, als w\u00e4re das ganze Volk krank und kriminell. Denn nat\u00fcrlich m\u00fcssen ALLE \u00fcberwacht werden!<br><br>Bei Dingen, die der Staat ganz unbedingt will, kommt dann noch der Kampf gegen Kriminelle dazu. <br>Ich wei\u00df nicht, ob Kriminelle genauso bl\u00f6de sind, wie Politiker, die sich von &#8222;Freunden&#8220; abh\u00f6ren lassen und das OK finden. Vermutlich aber werden die b\u00f6sen Jungs, M\u00e4dchen und sonstige Erscheinungen sich kringelig lachen. <br>Das dumme Volk, das die Einschr\u00e4nkung seiner Freiheiten aber in Ordnung findet, das wird in gro\u00dfem Ausma\u00df nach und nach seiner Rechte beraubt und in die Total\u00fcberwachung gef\u00fchrt.<br><br><strong>Verbot der Verschl\u00fcsselung gegen Terror!<\/strong><br>Klar, die Terroristen werden sich dran halten! <br>Vielleicht geht es ja auch nur um \u00dcberwachung und Spionage? <br>Politiker haben ja schon mehrfach erkl\u00e4rt, dass verschl\u00fcsselte Kommunikation doof ist, weil man die Menschen dann nicht so gut \u00fcberwachen kann.<br>Wer auf seine Privatsph\u00e4re pocht und nicht will, dass der Staat mitliest, ist jedenfalls absolut verd\u00e4chtig.<br>B\u00fcrger, was hast Du zu verbergen!?<br><br><strong>Alle Deine Bilder werden \u00fcberpr\u00fcft!<\/strong><br>Apple will mit IOS 15 eine Funktion einf\u00fchren, die alle Deine Fotos \u00fcberpr\u00fcft, ob da nicht verbotene Bilder drauf sind. <br>Nat\u00fcrlich geht es wieder um das Wohl der Kinder. <br>Nat\u00fcrlich wird die Funktion erst mal nur in den USA aktiviert und nat\u00fcrlich ist das 100% sicher.<br><br><strong>Bullshit!<\/strong><br>Keine 2 Wochen nach der Ank\u00fcndigung, haben englische Politiker schon angemerkt, dass die Funktion sich doch auch supergut f\u00fcr andere Dinge verwenden l\u00e4sst! <br>Dass die reGIERungen nach solchen Funktionen sabbern, war klar, aber nach so kurzer Zeit schon?<br>Ist so eine Funktion erst einmal vorhanden, kann sich kein Konzern gegen die W\u00fcnsche der Geheimdienste wehren. Damit wird die B\u00fcchse der Pandora ge\u00f6ffnet!<br><br>Die Funktion scannt alle Deine Bilder und wenn eine gewisse Schwelle an &#8222;b\u00f6sen&#8220; Bildern auf Deinem Handy \u00fcberschritten wird, dann werden die Bilder an Apple geschickt und dort \u00fcberpr\u00fcfen geschulte Mitarbeiter, was Du da auf Deinem Ger\u00e4t gespeichert hast.<br>Denke mal genau nach &#8211; eine private Firma nimmt sich das Recht heraus, Deine Daten zu \u00fcberpr\u00fcfen, ob sie mit den Rechtsvorstellungen dieser Firma vereinbar sind!<br><br>Was hindert die Firma daran, auch andere Daten zu scannen?<br>Die Medien-Mafia will wissen, ob Du Raubmordkopierer bist? Bitte &#8211; ein Scan auf Deinem Handy erkennt, ob Du auch alle Filme und Songs ordentlich lizenziert hast. Ansonsten gibt es vollautomatisch eine Rechnung. <br>Deine Konkurrenten wollen Deine neueste Erfindung nachbauen? Gut, wenn sie Freunde bei der NSA haben, oder auch in Russland oder China. Keine Funktion ist absolut sicher und irgendeine Backdoor wird sich finden, mit der jeder, der es darauf anlegt, alle Deine Daten bekommt!<br><br>Angeblich ist so eine Funktion mit der DSGVO in der EU nicht m\u00f6glich, aber diese Vorschriften gelten ja nur f\u00fcr das dumme Volk. Gro\u00dfkonzerne setzen sich regelm\u00e4\u00dfig lachend dar\u00fcber hinweg. Beispiele lassen sich im Internet finden. <br><br>Und wer jetzt \u00fcber Apple-User lacht: <br>Microsoft und Google haben \u00e4hnliche Funktionen in ihren Systemen eingebaut. Die Total\u00fcberwachung kommt und die Schlinge zieht sich immer enger.<br><br>IT-Profis haben \u00fcbrigens angeblich herausgefunden, dass diese Funktion sich sehr leicht kompromittieren l\u00e4sst. Das hei\u00dft, man kann Bilder basteln, die von der Funktion f\u00e4lschlicherweise als gesetzeswidrig erkannt werden.<br>Jetzt muss man solche Fotos nur noch irgendjemandem schicken, den man abschie\u00dfen will.<br>Selbst wenn die Zielperson unschuldig ist, bei solchen Anschuldigungen bleibt immer etwas h\u00e4ngen!<br><br>Ich empfehle dazu den extrem guten, aber auch schockierenden Film &#8222;Die Jagd&#8220; mit Mads Mikkelsen!<br>Schaut Euch den Film an und seht, wozu falsche Anschuldigungen f\u00fchren k\u00f6nnen!<\/p>\n\n\n\n<img loading=\"lazy\" decoding=\"async\" src=\"https:\/\/vg02.met.vgwort.de\/na\/956c9075b3324688924f269f6e828b34\" alt=\"\" width=\"1\" height=\"1\">\n\n\n\n<p>Erste Ver\u00f6ffentlichung 20.August 2021<\/p>\n","protected":false},"excerpt":{"rendered":"<p>Zugegeben, die \u00dcberschrift ist provokativ, aber wenn man sich anschaut, wie sich Menschen (ich selbst eingeschlossen) in die Klauen von<\/p>\n","protected":false},"author":1,"featured_media":0,"comment_status":"open","ping_status":"","sticky":false,"template":"","format":"standard","meta":{"footnotes":""},"categories":[25],"tags":[279,104,116,282,280,281],"class_list":["post-4704","post","type-post","status-publish","format-standard","hentry","category-chaos","tag-cloud","tag-handy","tag-internet","tag-staat","tag-ueberwachung","tag-zensur"],"_links":{"self":[{"href":"https:\/\/www.bastel-bastel.de\/blog\/index.php\/wp-json\/wp\/v2\/posts\/4704","targetHints":{"allow":["GET"]}}],"collection":[{"href":"https:\/\/www.bastel-bastel.de\/blog\/index.php\/wp-json\/wp\/v2\/posts"}],"about":[{"href":"https:\/\/www.bastel-bastel.de\/blog\/index.php\/wp-json\/wp\/v2\/types\/post"}],"author":[{"embeddable":true,"href":"https:\/\/www.bastel-bastel.de\/blog\/index.php\/wp-json\/wp\/v2\/users\/1"}],"replies":[{"embeddable":true,"href":"https:\/\/www.bastel-bastel.de\/blog\/index.php\/wp-json\/wp\/v2\/comments?post=4704"}],"version-history":[{"count":1,"href":"https:\/\/www.bastel-bastel.de\/blog\/index.php\/wp-json\/wp\/v2\/posts\/4704\/revisions"}],"predecessor-version":[{"id":4915,"href":"https:\/\/www.bastel-bastel.de\/blog\/index.php\/wp-json\/wp\/v2\/posts\/4704\/revisions\/4915"}],"wp:attachment":[{"href":"https:\/\/www.bastel-bastel.de\/blog\/index.php\/wp-json\/wp\/v2\/media?parent=4704"}],"wp:term":[{"taxonomy":"category","embeddable":true,"href":"https:\/\/www.bastel-bastel.de\/blog\/index.php\/wp-json\/wp\/v2\/categories?post=4704"},{"taxonomy":"post_tag","embeddable":true,"href":"https:\/\/www.bastel-bastel.de\/blog\/index.php\/wp-json\/wp\/v2\/tags?post=4704"}],"curies":[{"name":"wp","href":"https:\/\/api.w.org\/{rel}","templated":true}]}}