{"id":4637,"date":"2021-06-16T11:38:25","date_gmt":"2021-06-16T09:38:25","guid":{"rendered":"https:\/\/www.bastel-bastel.de\/blog\/?p=4637"},"modified":"2021-06-16T11:38:25","modified_gmt":"2021-06-16T09:38:25","slug":"jochens-wetterblog-am-17-6-2021","status":"publish","type":"post","link":"https:\/\/www.bastel-bastel.de\/blog\/index.php\/2021\/06\/16\/jochens-wetterblog-am-17-6-2021\/","title":{"rendered":"Jochens Wetterblog am 17.6.2021"},"content":{"rendered":"\n<figure class=\"wp-block-image size-large\"><img loading=\"lazy\" decoding=\"async\" width=\"743\" height=\"1024\" src=\"https:\/\/www.bastel-bastel.de\/blog\/wp-content\/uploads\/2021\/06\/IMG_5321-743x1024.jpg\" alt=\"\" class=\"wp-image-4638\" srcset=\"https:\/\/www.bastel-bastel.de\/blog\/wp-content\/uploads\/2021\/06\/IMG_5321-743x1024.jpg 743w, https:\/\/www.bastel-bastel.de\/blog\/wp-content\/uploads\/2021\/06\/IMG_5321-218x300.jpg 218w, https:\/\/www.bastel-bastel.de\/blog\/wp-content\/uploads\/2021\/06\/IMG_5321-768x1059.jpg 768w, https:\/\/www.bastel-bastel.de\/blog\/wp-content\/uploads\/2021\/06\/IMG_5321-1114x1536.jpg 1114w, https:\/\/www.bastel-bastel.de\/blog\/wp-content\/uploads\/2021\/06\/IMG_5321.jpg 1451w\" sizes=\"auto, (max-width: 743px) 100vw, 743px\" \/><\/figure>\n\n\n\n<p><strong>R\u00fcckblick<\/strong> <\/p>\n\n\n\n<p>Der Sommer ist da! Jeder Tag der Woche war ein Sommertag mit jeweils \u00fcber 25\u00b0C. Am Freitag hat es mit 29,7\u00b0C knapp nicht zum hei\u00dfen Tag gereicht, f\u00fcr den die Temperatur die 30\u00b0C-Marke \u00fcberschreiten muss. Mit 30,1\u00b0C war es dann am Montag zum ersten Mal in 2021 \u00fcber 30\u00b0C warm und der Dienstag legte mit 31,7\u00b0C noch eine Schippe drauf. Es ist richtig hei\u00df geworden. Zusammen mit der aktuellen Vorhersage ist das der Beginn der ersten Hitzewelle in diesem Jahr. Niederschlag gab es, abgesehen von ein paar Tropfen am Donnerstag, keinen. Der Wind erreichte am Samstag in B\u00f6en 41km\/h, ansonsten bewegte sich die Luft kaum. Am Mittwoch war es noch wechselhaft, danach verzogen sich die Wolken weitgehend und die Sonne brutzelte insgesamt 82 Stunden vom Himmel. Das Maximum lag dabei bei 14 Sonnenstunden am Montag. Nur ein paar leichte Schleier- und kleine Quellwolken zeigten sich vereinzelt am Himmel. Damit lag auch der UV-Index im recht hohen Bereich und Eincremen war im Au\u00dfenbereich Pflicht, wenn man keinen Sonnenbrand wollte.<\/p>\n\n\n\n<p><strong>Ausblick<\/strong><br><br>Die n\u00e4chsten Tage wird es noch hei\u00dfer. F\u00fcr Freitag sind 34\u00b0C vorhergesagt. F\u00fcr den Aufenthalt im Freien sollte man f\u00fcr Sonnenschutz sorgen. Der UV-Index liegt weiterhin sehr hoch. Sonnenbrandgefahr! Die Wetterdienste warnen auch vor hoher W\u00e4rmebelastung. Man sollte sich m\u00f6glichst im Schatten aufhalten. Insgesamt wird es also sonnig, sch\u00f6n und hei\u00df. Zum Wochenende steigt dann allerdings das Gewitterrisiko immer weiter an.<br><\/p>\n","protected":false},"excerpt":{"rendered":"<p>R\u00fcckblick Der Sommer ist da! Jeder Tag der Woche war ein Sommertag mit jeweils \u00fcber 25\u00b0C. Am Freitag hat es<\/p>\n","protected":false},"author":1,"featured_media":0,"comment_status":"open","ping_status":"","sticky":false,"template":"","format":"standard","meta":{"footnotes":""},"categories":[21],"tags":[],"class_list":["post-4637","post","type-post","status-publish","format-standard","hentry","category-wetter-der-blog-zu-www-ingersheimwetter-de"],"_links":{"self":[{"href":"https:\/\/www.bastel-bastel.de\/blog\/index.php\/wp-json\/wp\/v2\/posts\/4637","targetHints":{"allow":["GET"]}}],"collection":[{"href":"https:\/\/www.bastel-bastel.de\/blog\/index.php\/wp-json\/wp\/v2\/posts"}],"about":[{"href":"https:\/\/www.bastel-bastel.de\/blog\/index.php\/wp-json\/wp\/v2\/types\/post"}],"author":[{"embeddable":true,"href":"https:\/\/www.bastel-bastel.de\/blog\/index.php\/wp-json\/wp\/v2\/users\/1"}],"replies":[{"embeddable":true,"href":"https:\/\/www.bastel-bastel.de\/blog\/index.php\/wp-json\/wp\/v2\/comments?post=4637"}],"version-history":[{"count":1,"href":"https:\/\/www.bastel-bastel.de\/blog\/index.php\/wp-json\/wp\/v2\/posts\/4637\/revisions"}],"predecessor-version":[{"id":4639,"href":"https:\/\/www.bastel-bastel.de\/blog\/index.php\/wp-json\/wp\/v2\/posts\/4637\/revisions\/4639"}],"wp:attachment":[{"href":"https:\/\/www.bastel-bastel.de\/blog\/index.php\/wp-json\/wp\/v2\/media?parent=4637"}],"wp:term":[{"taxonomy":"category","embeddable":true,"href":"https:\/\/www.bastel-bastel.de\/blog\/index.php\/wp-json\/wp\/v2\/categories?post=4637"},{"taxonomy":"post_tag","embeddable":true,"href":"https:\/\/www.bastel-bastel.de\/blog\/index.php\/wp-json\/wp\/v2\/tags?post=4637"}],"curies":[{"name":"wp","href":"https:\/\/api.w.org\/{rel}","templated":true}]}}