{"id":4633,"date":"2021-06-09T12:36:08","date_gmt":"2021-06-09T10:36:08","guid":{"rendered":"https:\/\/www.bastel-bastel.de\/blog\/?p=4633"},"modified":"2021-06-09T12:36:08","modified_gmt":"2021-06-09T10:36:08","slug":"jochens-wetterblog-am-10-6-2021","status":"publish","type":"post","link":"https:\/\/www.bastel-bastel.de\/blog\/index.php\/2021\/06\/09\/jochens-wetterblog-am-10-6-2021\/","title":{"rendered":"Jochens Wetterblog am 10.6.2021"},"content":{"rendered":"\n<figure class=\"wp-block-image size-large\"><img loading=\"lazy\" decoding=\"async\" width=\"768\" height=\"1024\" src=\"https:\/\/www.bastel-bastel.de\/blog\/wp-content\/uploads\/2021\/06\/IMG_5180-768x1024.jpg\" alt=\"\" class=\"wp-image-4634\" srcset=\"https:\/\/www.bastel-bastel.de\/blog\/wp-content\/uploads\/2021\/06\/IMG_5180-768x1024.jpg 768w, https:\/\/www.bastel-bastel.de\/blog\/wp-content\/uploads\/2021\/06\/IMG_5180-225x300.jpg 225w, https:\/\/www.bastel-bastel.de\/blog\/wp-content\/uploads\/2021\/06\/IMG_5180-1152x1536.jpg 1152w, https:\/\/www.bastel-bastel.de\/blog\/wp-content\/uploads\/2021\/06\/IMG_5180.jpg 1500w\" sizes=\"auto, (max-width: 768px) 100vw, 768px\" \/><\/figure>\n\n\n\n<p><strong>R\u00fcckblick <\/strong><br>Eine Woche mit d\u00e4mpfig nassem Sommerwetter liegt hinter uns. Die Temperaturen stiegen bis \u00fcber 29\u00b0C am Mittwoch. 27\u00b0C\u00a0 gab es am Donnerstag und Freitag und auch die anderen Tage waren ganz annehmbar. Die Luft war aber dr\u00fcckend und mit Energie geladen. Dadurch gab es immer wieder einige, teils heftige Gewitter. Da es meistens recht windstill war, bewegten sich die Wolken und damit die Gewitter kaum. Wo es regnete, da war der Niederschlag oft extrem. Am Donnerstag gab es bei uns einen Platzregen mit \u00fcber 18l\/qm in weniger als einer halben Stunde.\u00a0 Das ist fast wie in der Dusche. Auch am Samstag fielen \u00fcber 12l\/qm in kurzer Zeit. Abgesehen vom Mittwoch, gab es jeden Tag Regen oder Gewitter oder Regen und Gewitter zusammen. Der Mittwoch schaffte es noch auf knapp 14 Sonnenstunden, danach zeigten sich immer mehr Wolken am Himmel. Am Sonntag schaffte es die Sonne gar nicht durch die Wolken und auch am Montag zeigte sie sich nur f\u00fcr eine Stunde. Der Luftdruck ver\u00e4nderte sich von Donnerstag bis Dienstag kaum. Nur bei durchziehenden Gewittern gab es leichte Ausschl\u00e4ge der Messwerte.<\/p>\n\n\n\n<p><strong>Ausblick<\/strong><\/p>\n\n\n\n<p>In den n\u00e4chsten Tagen soll sich das Wetter deutlich beruhigen. Es wird trockener und auch immer sonniger. Die Temperaturen steigen tags\u00fcber bis auf 28\u00b0C, nachts liegen die Tiefstwerte bei 14\u00b0C bis 19\u00b0C. Es sieht also nach ein paar sch\u00f6nen Sommertagen aus.<\/p>\n\n\n\n<p><br><\/p>\n","protected":false},"excerpt":{"rendered":"<p>R\u00fcckblick Eine Woche mit d\u00e4mpfig nassem Sommerwetter liegt hinter uns. Die Temperaturen stiegen bis \u00fcber 29\u00b0C am Mittwoch. 27\u00b0C\u00a0 gab<\/p>\n","protected":false},"author":1,"featured_media":0,"comment_status":"open","ping_status":"","sticky":false,"template":"","format":"standard","meta":{"footnotes":""},"categories":[21],"tags":[],"class_list":["post-4633","post","type-post","status-publish","format-standard","hentry","category-wetter-der-blog-zu-www-ingersheimwetter-de"],"_links":{"self":[{"href":"https:\/\/www.bastel-bastel.de\/blog\/index.php\/wp-json\/wp\/v2\/posts\/4633","targetHints":{"allow":["GET"]}}],"collection":[{"href":"https:\/\/www.bastel-bastel.de\/blog\/index.php\/wp-json\/wp\/v2\/posts"}],"about":[{"href":"https:\/\/www.bastel-bastel.de\/blog\/index.php\/wp-json\/wp\/v2\/types\/post"}],"author":[{"embeddable":true,"href":"https:\/\/www.bastel-bastel.de\/blog\/index.php\/wp-json\/wp\/v2\/users\/1"}],"replies":[{"embeddable":true,"href":"https:\/\/www.bastel-bastel.de\/blog\/index.php\/wp-json\/wp\/v2\/comments?post=4633"}],"version-history":[{"count":1,"href":"https:\/\/www.bastel-bastel.de\/blog\/index.php\/wp-json\/wp\/v2\/posts\/4633\/revisions"}],"predecessor-version":[{"id":4635,"href":"https:\/\/www.bastel-bastel.de\/blog\/index.php\/wp-json\/wp\/v2\/posts\/4633\/revisions\/4635"}],"wp:attachment":[{"href":"https:\/\/www.bastel-bastel.de\/blog\/index.php\/wp-json\/wp\/v2\/media?parent=4633"}],"wp:term":[{"taxonomy":"category","embeddable":true,"href":"https:\/\/www.bastel-bastel.de\/blog\/index.php\/wp-json\/wp\/v2\/categories?post=4633"},{"taxonomy":"post_tag","embeddable":true,"href":"https:\/\/www.bastel-bastel.de\/blog\/index.php\/wp-json\/wp\/v2\/tags?post=4633"}],"curies":[{"name":"wp","href":"https:\/\/api.w.org\/{rel}","templated":true}]}}