{"id":372,"date":"2017-05-17T12:13:44","date_gmt":"2017-05-17T10:13:44","guid":{"rendered":"http:\/\/www.bastel-bastel.de\/blog\/?p=372"},"modified":"2017-05-17T12:13:44","modified_gmt":"2017-05-17T10:13:44","slug":"jochens-wetterblog-am-18-5-2017","status":"publish","type":"post","link":"https:\/\/www.bastel-bastel.de\/blog\/index.php\/2017\/05\/17\/jochens-wetterblog-am-18-5-2017\/","title":{"rendered":"Jochens Wetterblog am 18.5.2017"},"content":{"rendered":"<p><strong>R\u00fcckblick<a href=\"https:\/\/www.bastel-bastel.de\/blog\/wp-content\/uploads\/2017\/05\/DSC02139.jpg\"><img loading=\"lazy\" decoding=\"async\" class=\"size-medium wp-image-373 alignright\" src=\"https:\/\/www.bastel-bastel.de\/blog\/wp-content\/uploads\/2017\/05\/DSC02139-200x300.jpg\" alt=\"\" width=\"200\" height=\"300\" \/><\/a><\/strong><br \/>\nDie Eisheiligen waren dieses Jahr eine Woche fr\u00fcher dran und haben sich mit Tiefstwerten von 2,1\u00b0C am Mittwoch fr\u00fch bereits verabschiedet. Tags\u00fcber gab es die ganze Woche H\u00f6chstwerte \u00fcber 20\u00b0C. Auch nachts k\u00fchle es ab Donnerstag nicht mehr so stark ab. Noch ein paar Regentropfen fielen am Donnerstag abend und in den N\u00e4chten zu Freitag, Samstag und Montag, ansonsten war es trocken.\u00a0 Der Mittwoch schaffte es auf 13 Sonnenstunden, die \u00fcbrigen Tage waren wechselhaft bei 5-8 Sonnenstunden. Erst der Dienstag drehte wieder so richtig auf und brachte es ebenfalls auf 13 Sonnenstunden. Dadurch stiegen auch die H\u00f6chstwerte auf sommerliche 26,8\u00b0C, der bisher h\u00f6chsten Temperatur in diesem Jahr. Der Wind war nur leicht zu sp\u00fcren. Insgesamt liegt damit eine sch\u00f6ne Fr\u00fchlingswoche hinter uns.<br \/>\n&nbsp;<br \/>\n&nbsp;<br \/>\n<strong>Ausblick<\/strong><br \/>\nF\u00fcr den Donnerstag ist noch einmal sch\u00f6nes Wetter angesagt, danach wird es am Freitag deutlich k\u00fchler und regnerisch, die Werte sollen nur noch auch 16\u00b0C steigen und es sind auch Gewitter angek\u00fcndigt. Ab Samstag wird es dann wieder langsam w\u00e4rmer, trocken und immer sonniger.<br \/>\n&nbsp;<\/p>\n","protected":false},"excerpt":{"rendered":"<p>R\u00fcckblick Die Eisheiligen waren dieses Jahr eine Woche fr\u00fcher dran und haben sich mit Tiefstwerten von 2,1\u00b0C am Mittwoch fr\u00fch<\/p>\n","protected":false},"author":1,"featured_media":0,"comment_status":"open","ping_status":"open","sticky":false,"template":"","format":"standard","meta":{"footnotes":""},"categories":[21],"tags":[113,121,177,178,212,217],"class_list":["post-372","post","type-post","status-publish","format-standard","hentry","category-wetter-der-blog-zu-www-ingersheimwetter-de","tag-ingersheim","tag-klima","tag-sommertag","tag-sonne","tag-wetter","tag-wolken"],"_links":{"self":[{"href":"https:\/\/www.bastel-bastel.de\/blog\/index.php\/wp-json\/wp\/v2\/posts\/372","targetHints":{"allow":["GET"]}}],"collection":[{"href":"https:\/\/www.bastel-bastel.de\/blog\/index.php\/wp-json\/wp\/v2\/posts"}],"about":[{"href":"https:\/\/www.bastel-bastel.de\/blog\/index.php\/wp-json\/wp\/v2\/types\/post"}],"author":[{"embeddable":true,"href":"https:\/\/www.bastel-bastel.de\/blog\/index.php\/wp-json\/wp\/v2\/users\/1"}],"replies":[{"embeddable":true,"href":"https:\/\/www.bastel-bastel.de\/blog\/index.php\/wp-json\/wp\/v2\/comments?post=372"}],"version-history":[{"count":0,"href":"https:\/\/www.bastel-bastel.de\/blog\/index.php\/wp-json\/wp\/v2\/posts\/372\/revisions"}],"wp:attachment":[{"href":"https:\/\/www.bastel-bastel.de\/blog\/index.php\/wp-json\/wp\/v2\/media?parent=372"}],"wp:term":[{"taxonomy":"category","embeddable":true,"href":"https:\/\/www.bastel-bastel.de\/blog\/index.php\/wp-json\/wp\/v2\/categories?post=372"},{"taxonomy":"post_tag","embeddable":true,"href":"https:\/\/www.bastel-bastel.de\/blog\/index.php\/wp-json\/wp\/v2\/tags?post=372"}],"curies":[{"name":"wp","href":"https:\/\/api.w.org\/{rel}","templated":true}]}}