{"id":342,"date":"2017-04-21T12:14:52","date_gmt":"2017-04-21T10:14:52","guid":{"rendered":"http:\/\/www.bastel-bastel.de\/blog\/?p=342"},"modified":"2017-04-21T12:14:52","modified_gmt":"2017-04-21T10:14:52","slug":"ampera-e-ein-trauerspiel","status":"publish","type":"post","link":"https:\/\/www.bastel-bastel.de\/blog\/index.php\/2017\/04\/21\/ampera-e-ein-trauerspiel\/","title":{"rendered":"Ampera-E &#8211; ein Trauerspiel"},"content":{"rendered":"<p><img loading=\"lazy\" decoding=\"async\" src=\"https:\/\/ssl-vg03.met.vgwort.de\/na\/9b85e83b8c224088ab6d8d4dd701b338\" alt=\"\" width=\"1\" height=\"1\" \/><br \/>\n<strong>Ampera-E = EV-2<\/strong><br \/>\n(Man suche z.B. bei Youtube nach EV-1 oder dem Film <strong>&#8222;Who killed the electric car&#8220;<\/strong>)<br \/>\n&nbsp;<br \/>\n<strong><em>Vorab &#8211; dieser Blog-Beitrag ist nur meine pers\u00f6nliche Einsch\u00e4tzung ohne irgendwelche verbindliche Aussagekraft.<\/em><\/strong><br \/>\n<strong><em>In Wahrheit ist alles ganz anders!<\/em><\/strong><br \/>\n&nbsp;<br \/>\n&nbsp;<br \/>\nGestern, 20.4.2017 war die Pr\u00e4sentation des Opel Ampera-E mit Bekanntgabe des Verkaufspreises und der Bestellbarkeit.<br \/>\nEinem Hoffnungstr\u00e4ger f\u00fcr die Elektromobilit\u00e4t bis gestern.<br \/>\nAb heute wissen wir: Ausser Werbung kommt in 2017 f\u00fcr Normalsterbliche nichts. In 2018 ein bisschen mehr und vielleicht ab 2019, 2020, da geht es richtig los.<br \/>\nImmerhin &#8211; ab Herbst ist das Fahrzeug bestellbar.<br \/>\n&nbsp;<br \/>\n\u00dcberhaupt 2020, da wollen alle Hersteller so richtig loslegen.<br \/>\nBis dahin d\u00fcrfen wir sicher noch viele &#8222;Studien&#8220; bewundern und nat\u00fcrlich Verbrenner fahren.<br \/>\nAber jetzt ist noch viel zu fr\u00fch, kein Mensch will ein Elektroauto.<br \/>\nDie 400.000 Vorbesteller des Tesla Model 3 sind sowieso alles Verr\u00fcckte.<br \/>\n&nbsp;<br \/>\n<strong>Ampera-E:<\/strong><br \/>\nGr\u00f6\u00dfenordnung Golf\/Astra, das passt auch f\u00fcr (kleinere) Familien, 60kWh Batterie, genug f\u00fcr \u00fcber 300km echte Reichweite (die NEFZ-Fantasiewerte kann man sowieso bei jedem Fahrzeug vergessen, da sind immerhin \u00fcber 500km angegeben.).<br \/>\n&nbsp;<br \/>\n&nbsp;<br \/>\nMit dem Ampera-E k\u00f6nnte man den Markt an Elektroautos so richtig aufrollen. Denn derzeit gibt es nichts vergleichbares. Die Konkurrenz von Ioniq, i3, Zoe, usw. \u00a0sind zwar auch ganz nett, aber die Reichweite des Ampera-E bietet bisher in der Mittelklasse keiner. Und das wird sich vermutlich auch mindestens bis Ende 2017 nicht \u00e4ndern.<br \/>\nEinzig Tesla Model S\/X bieten vergleichbare oder sogar bessere Reichweite. Nur \u00a0sind das keine Fahrzeuge f\u00fcr normale Familien, mit Verkaufspreisen ab 70.000 sind die nichts f\u00fcr Normalmenschen. Aber immerhin sofort erh\u00e4ltlich<br \/>\n&nbsp;<br \/>\nWie ich vorher schon vermutet hatte: Auch Opel bzw. GM wollen anscheinend keine Elektrofahrzeuge verkaufen, denn an Verbrennern verdient man viel mehr. Die ganze Werbung ab Herbst 2016 hat vermutlich nur den Sinn zu zeigen was man tolles kann und wie weit man technisch vorne dabei ist.<br \/>\nAber zum Verkauf sind die Dinger wohl eigentlich nicht gedacht.<br \/>\n(Wie gesagt das ist meine pers\u00f6nliche Meinung \u00a0&#8211; sicher ist es offiziell nat\u00fcrlich ganz anders)<br \/>\n&nbsp;<br \/>\nSo sieht es dann aus (Informationen aus Foren\/Internet\/Opel-Webseite):<br \/>\nEs gibt vorerst 40 H\u00e4ndler die den Ampera-E in Deutschland verkaufen d\u00fcrfen.<br \/>\nF\u00fcr diese 40 H\u00e4ndler stehen Ger\u00fcchten zufolge (diverse Foren\/Webseiten) in 2017 ganze 70 Fahrzeuge zum Verkauf zur Verf\u00fcgung. D.h. f\u00fcr jeden H\u00e4ndler gerade mal 1-2 Fahrzeuge.<br \/>\nIn 2018 wird es nicht besser, denn in Norwegen ist das Auto bereits bestellbar und da wurde man von \u00fcber 4000 Vorbestellungen \u00fcberrascht, da bleibt f\u00fcr Deutschland nicht viel \u00fcbrig.<br \/>\n&nbsp;<br \/>\nUnd daf\u00fcr \u00fcberschlagen sich jetzt alle Fachzeitschriften und Fachwebseiten mit Lobeshymnen und Titeln wie &#8222;ab Herbst lieferbar&#8220;, &#8222;ab Herbst 2017 verf\u00fcgbar&#8220;.<br \/>\n&nbsp;<br \/>\nLiebe Experten.<br \/>\nDie deutsche Sprache ist sehr schwer und sicher enth\u00e4lt auch dieser Blogbeitrag viele Rechtschreibfehler.<br \/>\nAber zumindest wenn man als Fachpresse gelten will sollte man doch inhaltliche Fehler vermeiden.<br \/>\nDazu z\u00e4hlt auch unterscheiden zu k\u00f6nnen zwischen <strong>Bestellbar<\/strong> und <strong>Verf\u00fcgbar\/Lieferbar<\/strong>. Denn f\u00fcr Normalsterbliche wird der Ampera-E in 2017 ganz sicher NICHT lieferbar oder verf\u00fcgbar sein.<br \/>\n&nbsp;<br \/>\nIch behaupte mal ohne Anspruch auf Korrektheit, da\u00df die Sache so abl\u00e4uft:<br \/>\ndie angeblich 70 verf\u00fcgbaren Fahrzeuge gehen an Flottenkunden und sonstige wichtigen Leute bei denen man irgendeinen positiven Werbe-Effekt in Verbindung mit der Elektromobilit\u00e4t herstellen kann.<br \/>\nDa fahren dann beispielsweise irgendwelche Stadtwerke mit dem tollen Elektromobil und beim Aufbau einer B\u00fcrgermeisters\u00e4ule(*) gibt es tolle Bilder mit vielen Grinsegesichtern und dem neuen Ampera-E.<br \/>\n&nbsp;<br \/>\nIm \u00fcbrigen werden die Fahrzeuge dann f\u00fcr Studien verwendet, in Firmenflotten &#8222;verheizt&#8220; (jeder will man die tolle Beschleunigung und sonstigen Fahrwerte ausprobieren) oder die Autos stehen sich auf Messen und \u00d6ko-Ausstellungen die Reifen platt.<br \/>\nJeder darf mal in das zukunftsweisende und supertolle Auto reinsitzen und bewundern wie fortschrittlich das ist.<br \/>\nBestellen kann man es nat\u00fcrlich ab Herbst 2017. Nur mit der Lieferung ist das so eine Sache. Da bin ich gespannt wann die ersten Normal-Kunden in den Genu\u00df eines solchen Fahrzeuges kommen.<br \/>\n&nbsp;<br \/>\nMeiner (rechtlich unverbindlichen) Meinung nach handelt es sich nur um Fahrzeuge die zur Gegenrechnung f\u00fcr SUV und andere Verbrenner f\u00fcr den Senkung des Flottenverbrauchs ben\u00f6tigt werden.<br \/>\nDie ersten Modelle sollen auch nur im Leasing angeboten werden und ich w\u00fcrde mich nicht wundern wenn die danach nach Norwegen wandern. Da\u00df das EV-2 (Ampera-E) den Weg des EV-1 geht will ich doch mal nicht hoffen.<br \/>\n&nbsp;<br \/>\nFazit:<br \/>\nDer Ampera-E ist das erste e-Fahrzeug f\u00fcr eMobilit\u00e4t-affine Familien mit mittlerem Einkommen in &#8222;normaler&#8220; Gr\u00f6\u00dfe mit einigerma\u00dfen &#8222;brauchbarer&#8220; Reichweite. Es gibt zwar noch ein paar Einschr\u00e4nkungen (CCS angeblich nur bis 50kW, AC nur 1phasig), aber es w\u00e4re ein Anfang.<br \/>\nIch vermute mal da\u00df normale Menschen das Auto nicht vor Ende 2018 erhalten werden, auch wenn es ab Herbst 2017 bestellbar ist. Denn Bestellbar bedeutet nicht verf\u00fcgbar &#8211; und daher liebe Fachpresse sind Eure Titelzeilen leider falsch.<br \/>\n(gerne lasse ich mich vom Gegenteil \u00fcberzeugen. Wer einen Ampera-E ganz normal gekauft und vor seiner Haust\u00fcre stehen hat darf gerne einen Kommentar hinterlassen, bin gespannt wann das soweit sein wird.)<br \/>\n&nbsp;<br \/>\n==================<br \/>\n*B\u00fcrgermeisters\u00e4ule = extrem teure Schnell-Lades\u00e4ule die sich eine Gemeinde hat aufschwatzen lassen, die in total unsinniger Lage installiert ist, die entweder eine total unbekannte Freischaltekarte ben\u00f6tigt oder von dem Stadteigenen eMobil dauerbelegt ist und daher f\u00fcr alle anderen eMobile weitgehend unerreichbar ist.<br \/>\nSinn und Zweck solcher B\u00fcrgermeisters\u00e4ulen ist die Verschwendung von Steuergeldern zum Zweck der Selbstdarstellung in Sachen &#8222;wir sind \u00f6kologisch ganz vorne dabei&#8220;. Aber bitte &#8211; das Ding sollte von niemandem benutzt werden. Daf\u00fcr ist es nicht gedacht.<br \/>\n==================<br \/>\n&nbsp;<br \/>\nUpdate 10.5.:<br \/>\nOffiziell soll es zwischen 70 und 100 Fahrzeuge in 2017 f\u00fcr Deutschland geben. Dazu gibt es 40 Agenten die diese Fahrzeuge verteilen d\u00fcrfen. Allerdings nur zum Leasing. Und nat\u00fcrlich sind die Fahrzeuge auch schon l\u00e4ngst verteilt. F\u00fcr 2018 liegen die bekannten Zahlen zwischen 100 und 300 Fahrzeugen. Normal-Kunden kommen fr\u00fchestens 2019 an die Reihe.<br \/>\nTja, damit kann man wirklich den Markt aufrollen. Und daf\u00fcr die ganze Werbung seit Herbst 2016.<br \/>\nVermutlich wird das Modell irgendwann wieder eingestellt, denn Opel geh\u00f6rt jetzt ja bekanntlich zu PSA und der Ampera-E ist zum gr\u00f6\u00dften Teil ein GM Bolt. (oder eher ein LG Bolt)<br \/>\nIn der Tat also ein EV-2. (siehe Youtube &#8222;Who killed the electric car&#8220; bzw. &#8222;Warum das Elektroauto sterben musste&#8220;)<br \/>\n&nbsp;<br \/>\nUnd wenn ich die &#8222;Bem\u00fchungen&#8220; der restlichen deutschen Autoindustrie so anschaue muss ich an Kodak, Nokia, ITT, Grundig, AEG und Co. denken.<br \/>\n&nbsp;<br \/>\nNaja, da kann ich nur sagen. Tesla Model 3 reserviert!<br \/>\nIst zwar auch noch nicht lieferbar. Aber die wollen wenigstens. Da bin ich mir sicher da\u00df das auch was wird.<br \/>\nMelde mich dann 2018 wieder.<br \/>\n&nbsp;<\/p>\n","protected":false},"excerpt":{"rendered":"<p>Ampera-E = EV-2 (Man suche z.B. bei Youtube nach EV-1 oder dem Film &#8222;Who killed the electric car&#8220;) &nbsp; Vorab<\/p>\n","protected":false},"author":1,"featured_media":0,"comment_status":"open","ping_status":"open","sticky":false,"template":"","format":"standard","meta":{"footnotes":""},"categories":[28],"tags":[39,53,78,81],"class_list":["post-342","post","type-post","status-publish","format-standard","hentry","category-elektromobilitaet","tag-auto","tag-blog","tag-elektro","tag-energie"],"_links":{"self":[{"href":"https:\/\/www.bastel-bastel.de\/blog\/index.php\/wp-json\/wp\/v2\/posts\/342","targetHints":{"allow":["GET"]}}],"collection":[{"href":"https:\/\/www.bastel-bastel.de\/blog\/index.php\/wp-json\/wp\/v2\/posts"}],"about":[{"href":"https:\/\/www.bastel-bastel.de\/blog\/index.php\/wp-json\/wp\/v2\/types\/post"}],"author":[{"embeddable":true,"href":"https:\/\/www.bastel-bastel.de\/blog\/index.php\/wp-json\/wp\/v2\/users\/1"}],"replies":[{"embeddable":true,"href":"https:\/\/www.bastel-bastel.de\/blog\/index.php\/wp-json\/wp\/v2\/comments?post=342"}],"version-history":[{"count":0,"href":"https:\/\/www.bastel-bastel.de\/blog\/index.php\/wp-json\/wp\/v2\/posts\/342\/revisions"}],"wp:attachment":[{"href":"https:\/\/www.bastel-bastel.de\/blog\/index.php\/wp-json\/wp\/v2\/media?parent=342"}],"wp:term":[{"taxonomy":"category","embeddable":true,"href":"https:\/\/www.bastel-bastel.de\/blog\/index.php\/wp-json\/wp\/v2\/categories?post=342"},{"taxonomy":"post_tag","embeddable":true,"href":"https:\/\/www.bastel-bastel.de\/blog\/index.php\/wp-json\/wp\/v2\/tags?post=342"}],"curies":[{"name":"wp","href":"https:\/\/api.w.org\/{rel}","templated":true}]}}