{"id":3351,"date":"2021-02-17T14:18:17","date_gmt":"2021-02-17T13:18:17","guid":{"rendered":"https:\/\/www.bastel-bastel.de\/blog\/?p=3351"},"modified":"2021-03-10T21:29:02","modified_gmt":"2021-03-10T20:29:02","slug":"jochens-wetterblog-am-18-2-2021","status":"publish","type":"post","link":"https:\/\/www.bastel-bastel.de\/blog\/index.php\/2021\/02\/17\/jochens-wetterblog-am-18-2-2021\/","title":{"rendered":"Jochens Wetterblog am 18.2.2021"},"content":{"rendered":"\n<p><strong>R\u00fcckblick<\/strong><\/p>\n\n\n\n<div class=\"wp-block-image\"><figure class=\"alignright size-large is-resized\"><a href=\"https:\/\/192.168.5.77\/blog\/wp-content\/uploads\/2017\/01\/IMG_20170108_113456-scaled.jpg\"><img loading=\"lazy\" decoding=\"async\" src=\"https:\/\/192.168.5.77\/blog\/wp-content\/uploads\/2017\/01\/IMG_20170108_113456-768x1024.jpg\" alt=\"\" class=\"wp-image-3578\" width=\"278\" height=\"370\" srcset=\"https:\/\/www.bastel-bastel.de\/blog\/wp-content\/uploads\/2017\/01\/IMG_20170108_113456-768x1024.jpg 768w, https:\/\/www.bastel-bastel.de\/blog\/wp-content\/uploads\/2017\/01\/IMG_20170108_113456-225x300.jpg 225w, https:\/\/www.bastel-bastel.de\/blog\/wp-content\/uploads\/2017\/01\/IMG_20170108_113456-1152x1536.jpg 1152w, https:\/\/www.bastel-bastel.de\/blog\/wp-content\/uploads\/2017\/01\/IMG_20170108_113456-1536x2048.jpg 1536w, https:\/\/www.bastel-bastel.de\/blog\/wp-content\/uploads\/2017\/01\/IMG_20170108_113456-750x1000.jpg 750w, https:\/\/www.bastel-bastel.de\/blog\/wp-content\/uploads\/2017\/01\/IMG_20170108_113456-scaled.jpg 1920w\" sizes=\"auto, (max-width: 278px) 100vw, 278px\" \/><\/a><\/figure><\/div>\n\n\n\n<p>Eiskaltes Winterwetter beherrschte die letzte Woche. Mit einem Tiefstwert von knapp -14\u00b0C war es am Freitag so kalt, wie zuletzt vor 9 Jahren. Am 6.2.2012 wurden damals -15,7\u00b0C gemessen. Die anderen Tage der Woche waren ebenfalls knackig kalt. Von Mittwoch bis Sonntag fr\u00fch herrschte Dauerfrost, wobei am Mittwoch der H\u00f6chstwert(!) nicht \u00fcber -5\u00b0C hinaus kam. Der letzte Dauerfrost lag zuvor auch bereits \u00fcber 2 Jahre zur\u00fcck. Von Donnerstag bis Sonntag lagen die Tiefstwerte deutlich unter -10\u00b0C. Der ganze Landkreis war quasi eingefroren. Es gab 7l\/qm Niederschlag in Form von Schnee. Ab Montag wurde es deutlich w\u00e4rmer und der Niederschlag fiel auch als Regen. Dadurch wurde es teilweise gef\u00e4hrlich glatt. Am Dienstag war es dann bereits wieder frostfrei und die Tagesh\u00f6chstwerte lagen bei knapp 13\u00b0C. Der Wind wehte mit B\u00f6en bis 39km\/h nicht besonders kr\u00e4ftig, war aber durch die extreme K\u00e4lte sehr deutlich zu sp\u00fcren. Von Donnerstag bis Sonntag gab es viel Sonnenschein und der Luftdruck war mit bis zu 1042hPa sehr hoch.<\/p>\n\n\n\n<p><strong>Ausblick<\/strong><br>Nach der kalten Woche kann man kaum glauben, dass f\u00fcr Sonntag Temperaturen bis 18\u00b0C, teilweise sogar bis 20\u00b0C vorhergesagt sind. Die Wolken werden bis zum Wochenende immer weniger und f\u00fcr Sonntag ist viel Sonne angek\u00fcndigt. Es k\u00f6nnte also schon fast fr\u00fchlingshaft werden. Niederschlag ist f\u00fcr die n\u00e4chsten Tage nicht in Sicht.<\/p>\n","protected":false},"excerpt":{"rendered":"<p>R\u00fcckblick Eiskaltes Winterwetter beherrschte die letzte Woche. Mit einem Tiefstwert von knapp -14\u00b0C war es am Freitag so kalt, wie<\/p>\n","protected":false},"author":1,"featured_media":0,"comment_status":"open","ping_status":"closed","sticky":false,"template":"","format":"standard","meta":{"footnotes":""},"categories":[21],"tags":[],"class_list":["post-3351","post","type-post","status-publish","format-standard","hentry","category-wetter-der-blog-zu-www-ingersheimwetter-de"],"_links":{"self":[{"href":"https:\/\/www.bastel-bastel.de\/blog\/index.php\/wp-json\/wp\/v2\/posts\/3351","targetHints":{"allow":["GET"]}}],"collection":[{"href":"https:\/\/www.bastel-bastel.de\/blog\/index.php\/wp-json\/wp\/v2\/posts"}],"about":[{"href":"https:\/\/www.bastel-bastel.de\/blog\/index.php\/wp-json\/wp\/v2\/types\/post"}],"author":[{"embeddable":true,"href":"https:\/\/www.bastel-bastel.de\/blog\/index.php\/wp-json\/wp\/v2\/users\/1"}],"replies":[{"embeddable":true,"href":"https:\/\/www.bastel-bastel.de\/blog\/index.php\/wp-json\/wp\/v2\/comments?post=3351"}],"version-history":[{"count":1,"href":"https:\/\/www.bastel-bastel.de\/blog\/index.php\/wp-json\/wp\/v2\/posts\/3351\/revisions"}],"predecessor-version":[{"id":4430,"href":"https:\/\/www.bastel-bastel.de\/blog\/index.php\/wp-json\/wp\/v2\/posts\/3351\/revisions\/4430"}],"wp:attachment":[{"href":"https:\/\/www.bastel-bastel.de\/blog\/index.php\/wp-json\/wp\/v2\/media?parent=3351"}],"wp:term":[{"taxonomy":"category","embeddable":true,"href":"https:\/\/www.bastel-bastel.de\/blog\/index.php\/wp-json\/wp\/v2\/categories?post=3351"},{"taxonomy":"post_tag","embeddable":true,"href":"https:\/\/www.bastel-bastel.de\/blog\/index.php\/wp-json\/wp\/v2\/tags?post=3351"}],"curies":[{"name":"wp","href":"https:\/\/api.w.org\/{rel}","templated":true}]}}