{"id":330,"date":"2017-04-12T12:18:16","date_gmt":"2017-04-12T10:18:16","guid":{"rendered":"http:\/\/www.bastel-bastel.de\/blog\/?p=330"},"modified":"2017-04-12T12:18:16","modified_gmt":"2017-04-12T10:18:16","slug":"jochens-wetterblog-am-13-4-2017","status":"publish","type":"post","link":"https:\/\/www.bastel-bastel.de\/blog\/index.php\/2017\/04\/12\/jochens-wetterblog-am-13-4-2017\/","title":{"rendered":"Jochens Wetterblog am 13.4.2017"},"content":{"rendered":"<p>R\u00fcckblick<a href=\"https:\/\/www.bastel-bastel.de\/blog\/wp-content\/uploads\/2017\/04\/DSC01700-2.jpg\"><img loading=\"lazy\" decoding=\"async\" class=\"size-medium wp-image-331 alignright\" src=\"https:\/\/www.bastel-bastel.de\/blog\/wp-content\/uploads\/2017\/04\/DSC01700-2-214x300.jpg\" alt=\"\" width=\"214\" height=\"300\" \/><\/a><br \/>\nWieder 67 Sonnenstunden. Genau so viel wie in der Vorwoche.\u00a0 Spitzenreiter war dabei der Sonntag mit knapp 12 Stunden Sonnenschein. Der w\u00e4rmste Tag war allerdings der Montag mit H\u00f6chstwerten von 25,5\u00b0C. Das war der erste Sommertag des Jahres (Tagesh\u00f6chstwert &gt;25\u00b0C). Nachts k\u00fchlte es bei klarem Himmel stark ab. Bis auf Tiefstwerte von 1,6\u00b0C\u00a0 sank das Thermometer am Freitag. Die anderen N\u00e4chte\u00a0 waren mit 2,7\u00b0C bis 6,6\u00b0C ebenfalls sehr kalt. Auch diese Woche war wieder Niederschlagsfrei, dabei w\u00fcrde etwas Regen der Natur sicher guttun. Am Montagabend wurde es windig mit B\u00f6en bis Windst\u00e4rke 7 und am Dienstag war es dann mit maximal 15,6\u00b0C deutlich k\u00fchler und wechselhafter. Insgesamt aber war auch der Dienstag ein toller Fr\u00fchlingstag.<br \/>\n&nbsp;<br \/>\n&nbsp;<br \/>\nAusblick<br \/>\nDas Wetter zum Osterfest wird leider nicht mehr so freundlich. Die Tages-H\u00f6chsttemperaturen sollen die n\u00e4chsten Tage nur noch 12\u00b0C bis 15\u00b0C erreichen. Die Vorhersagen sind sich allerdings nicht ganz einig ob es regnen wird oder nicht. Zwischen Wolken und Regen sowie t\u00e4glich bis 7 Sonnenstunden und Niederschlagsfrei ist f\u00fcr das Osterwochenende bei den Wetterdiensten alles dabei. Hoffen wir da\u00df die Vorhersagt mit dem Sonnenschein die richtige ist.<\/p>\n","protected":false},"excerpt":{"rendered":"<p>R\u00fcckblick Wieder 67 Sonnenstunden. Genau so viel wie in der Vorwoche.\u00a0 Spitzenreiter war dabei der Sonntag mit knapp 12 Stunden<\/p>\n","protected":false},"author":1,"featured_media":0,"comment_status":"open","ping_status":"open","sticky":false,"template":"","format":"standard","meta":{"footnotes":""},"categories":[21],"tags":[113,121,178,212],"class_list":["post-330","post","type-post","status-publish","format-standard","hentry","category-wetter-der-blog-zu-www-ingersheimwetter-de","tag-ingersheim","tag-klima","tag-sonne","tag-wetter"],"_links":{"self":[{"href":"https:\/\/www.bastel-bastel.de\/blog\/index.php\/wp-json\/wp\/v2\/posts\/330","targetHints":{"allow":["GET"]}}],"collection":[{"href":"https:\/\/www.bastel-bastel.de\/blog\/index.php\/wp-json\/wp\/v2\/posts"}],"about":[{"href":"https:\/\/www.bastel-bastel.de\/blog\/index.php\/wp-json\/wp\/v2\/types\/post"}],"author":[{"embeddable":true,"href":"https:\/\/www.bastel-bastel.de\/blog\/index.php\/wp-json\/wp\/v2\/users\/1"}],"replies":[{"embeddable":true,"href":"https:\/\/www.bastel-bastel.de\/blog\/index.php\/wp-json\/wp\/v2\/comments?post=330"}],"version-history":[{"count":0,"href":"https:\/\/www.bastel-bastel.de\/blog\/index.php\/wp-json\/wp\/v2\/posts\/330\/revisions"}],"wp:attachment":[{"href":"https:\/\/www.bastel-bastel.de\/blog\/index.php\/wp-json\/wp\/v2\/media?parent=330"}],"wp:term":[{"taxonomy":"category","embeddable":true,"href":"https:\/\/www.bastel-bastel.de\/blog\/index.php\/wp-json\/wp\/v2\/categories?post=330"},{"taxonomy":"post_tag","embeddable":true,"href":"https:\/\/www.bastel-bastel.de\/blog\/index.php\/wp-json\/wp\/v2\/tags?post=330"}],"curies":[{"name":"wp","href":"https:\/\/api.w.org\/{rel}","templated":true}]}}