{"id":2876,"date":"2020-09-02T13:46:27","date_gmt":"2020-09-02T11:46:27","guid":{"rendered":"https:\/\/www.bastel-bastel.de\/blog\/?p=2876"},"modified":"2020-09-02T13:46:27","modified_gmt":"2020-09-02T11:46:27","slug":"jochens-wetterblog-am-3-9-2020","status":"publish","type":"post","link":"https:\/\/www.bastel-bastel.de\/blog\/index.php\/2020\/09\/02\/jochens-wetterblog-am-3-9-2020\/","title":{"rendered":"Jochens Wetterblog am 3.9.2020"},"content":{"rendered":"\n<p><strong>R\u00fcckblick<\/strong> <\/p>\n\n\n<div class=\"wp-block-image is-style-default\"><figure class=\"alignright size-large is-resized\"><a href=\"https:\/\/www.bastel-bastel.de\/blog\/wp-content\/uploads\/2020\/09\/IMG_2796.jpg\"><img loading=\"lazy\" decoding=\"async\" src=\"https:\/\/www.bastel-bastel.de\/blog\/wp-content\/uploads\/2020\/09\/IMG_2796-768x1024.jpg\" alt=\"\" class=\"wp-image-2877\" width=\"317\" height=\"423\"\/><\/a><\/figure><\/div>\n\n\n<p>Mit dem August hat sich auch der Sommer verabschiedet. Am Mittwoch erreichten die Temperaturen noch einmal \u00fcber 26\u00b0C bei \u00fcber 11 Sonnenstunden. Dazu gab es allerdings viel Wind mit B\u00f6en bis 68km\/h. Am Donnerstag lagen die H\u00f6chstwerte schon etwas tiefer, die Sonne schien nur noch 10 Stunden. Einige Wolken zeigten sich am Himmel. Am Sonntag wurden nur noch 15\u00b0C erreicht und die Sonne zeigte sich den ganzen Tag nicht.\u00a0 Dazu gab es am Freitag endlich wieder ausgiebigen Regen, 13l\/qm fielen \u00fcber den Tag verteilt. Auch der Sonntag war mit insgesamt 13l\/qm sehr nass. Trotz der verregneten letzten Tage fehlen im August aber knapp 15% Niederschlag zum langj\u00e4hrigen Mittel. Neue Temperaturrekorde gab es nicht. Aufgrund der durchgehend sehr hohen Temperaturen war der August aber insgesamt satte 4 Grad zu warm! Der September startet richtig herbstlich mit vielen Wolken, wenig Sonnenschein und bei knapp unter 20\u00b0C auch etwas Regen.<br \/><br \/><\/p>\n\n\n<p><strong>Ausblick<\/strong><br \/>Die n\u00e4chsten Tage wird es wieder etwas w\u00e4rmer. Bis 26\u00b0C sind f\u00fcr Samstag angek\u00fcndigt. Ab Sonntag geht es dann mit H\u00f6chstwerten um 20\u00b0C weiter. F\u00fcr Sonntag sind viele Wolken angek\u00fcndigt, die anderen Tage werden wechselhaft, Niederschlag soll in den n\u00e4chsten Tagen aber nicht fallen.<\/p>\n","protected":false},"excerpt":{"rendered":"<p>R\u00fcckblick Mit dem August hat sich auch der Sommer verabschiedet. Am Mittwoch erreichten die Temperaturen noch einmal \u00fcber 26\u00b0C bei<\/p>\n","protected":false},"author":1,"featured_media":0,"comment_status":"open","ping_status":"closed","sticky":false,"template":"","format":"standard","meta":{"footnotes":""},"categories":[21],"tags":[],"class_list":["post-2876","post","type-post","status-publish","format-standard","hentry","category-wetter-der-blog-zu-www-ingersheimwetter-de"],"_links":{"self":[{"href":"https:\/\/www.bastel-bastel.de\/blog\/index.php\/wp-json\/wp\/v2\/posts\/2876","targetHints":{"allow":["GET"]}}],"collection":[{"href":"https:\/\/www.bastel-bastel.de\/blog\/index.php\/wp-json\/wp\/v2\/posts"}],"about":[{"href":"https:\/\/www.bastel-bastel.de\/blog\/index.php\/wp-json\/wp\/v2\/types\/post"}],"author":[{"embeddable":true,"href":"https:\/\/www.bastel-bastel.de\/blog\/index.php\/wp-json\/wp\/v2\/users\/1"}],"replies":[{"embeddable":true,"href":"https:\/\/www.bastel-bastel.de\/blog\/index.php\/wp-json\/wp\/v2\/comments?post=2876"}],"version-history":[{"count":0,"href":"https:\/\/www.bastel-bastel.de\/blog\/index.php\/wp-json\/wp\/v2\/posts\/2876\/revisions"}],"wp:attachment":[{"href":"https:\/\/www.bastel-bastel.de\/blog\/index.php\/wp-json\/wp\/v2\/media?parent=2876"}],"wp:term":[{"taxonomy":"category","embeddable":true,"href":"https:\/\/www.bastel-bastel.de\/blog\/index.php\/wp-json\/wp\/v2\/categories?post=2876"},{"taxonomy":"post_tag","embeddable":true,"href":"https:\/\/www.bastel-bastel.de\/blog\/index.php\/wp-json\/wp\/v2\/tags?post=2876"}],"curies":[{"name":"wp","href":"https:\/\/api.w.org\/{rel}","templated":true}]}}