{"id":2853,"date":"2020-08-26T11:48:31","date_gmt":"2020-08-26T09:48:31","guid":{"rendered":"https:\/\/www.bastel-bastel.de\/blog\/?p=2853"},"modified":"2020-08-26T11:48:31","modified_gmt":"2020-08-26T09:48:31","slug":"jochens-wetterblog-am-27-8-2020","status":"publish","type":"post","link":"https:\/\/www.bastel-bastel.de\/blog\/index.php\/2020\/08\/26\/jochens-wetterblog-am-27-8-2020\/","title":{"rendered":"Jochens Wetterblog am 27.8.2020"},"content":{"rendered":"\n<p><strong>R\u00fcckblick<\/strong> <\/p>\n\n\n<div class=\"wp-block-image\"><figure class=\"alignright size-large is-resized\"><img loading=\"lazy\" decoding=\"async\" src=\"https:\/\/www.bastel-bastel.de\/blog\/wp-content\/uploads\/2020\/08\/IMG_3016-768x1024.jpg\" alt=\"\" class=\"wp-image-2854\" width=\"273\" height=\"364\"\/><\/figure><\/div>\n\n\n<p>Es ist Ferienzeit und das Wetter lieferte die letzten Tage die passenden Temperaturen dazu. Die H\u00f6chstwerte lagen bei hei\u00dfen 37 \u00b0C am Freitag und der Montag als k\u00fchlster Tag der Woche erreichte mit 25 \u00b0C immerhin noch die Bewertung als Sommertag. Abends wurde es recht schnell k\u00fchler. Nachts lagen die Tiefstwerte bei 10 \u00b0C am Dienstag bis 19 \u00b0C am Samstag. Die Tage werden bereits wieder merklich k\u00fcrzer. Es gab am Samstag und Sonntag auch ein paar durchziehende Wolken, aber insgesamt reichte es trotzdem f\u00fcr 61 Sonnenstunden.\u00a0 Mittwoch, Donnerstag und Samstag fiel jeweils leichten Regen. Das reicht aber bei weitem nicht, um den Niederschlagsmangel der letzten Monate auszugleichen. Allein f\u00fcr den August fehlen noch 40l\/qm! Der Monat ist aktuell auch satte 5 Grad w\u00e4rmer als der langj\u00e4hrige Durchschnitt f\u00fcr August. Der Wind war in B\u00f6en die ganze Woche sp\u00fcrbar, am Sonntag ging es mit 51 km\/h bis Windst\u00e4rke 7.<br \/><\/p>\n\n\n<p><strong>Ausblick<\/strong><br \/>Nach dem Durchzug des Sturmtiefs am Mittwoch geht es wechselhaft und k\u00fchler weiter. Zum Wochenende sollen die H\u00f6chsttemperaturen unter 20 \u00b0C liegen. Es kann ab und zu etwas Niederschlag geben, besonders der Freitag soll nass werden. Das Wetter dreht langsam in Richtung Herbst.<\/p>\n","protected":false},"excerpt":{"rendered":"<p>R\u00fcckblick Es ist Ferienzeit und das Wetter lieferte die letzten Tage die passenden Temperaturen dazu. Die H\u00f6chstwerte lagen bei hei\u00dfen<\/p>\n","protected":false},"author":1,"featured_media":0,"comment_status":"open","ping_status":"closed","sticky":false,"template":"","format":"standard","meta":{"footnotes":""},"categories":[21],"tags":[],"class_list":["post-2853","post","type-post","status-publish","format-standard","hentry","category-wetter-der-blog-zu-www-ingersheimwetter-de"],"_links":{"self":[{"href":"https:\/\/www.bastel-bastel.de\/blog\/index.php\/wp-json\/wp\/v2\/posts\/2853","targetHints":{"allow":["GET"]}}],"collection":[{"href":"https:\/\/www.bastel-bastel.de\/blog\/index.php\/wp-json\/wp\/v2\/posts"}],"about":[{"href":"https:\/\/www.bastel-bastel.de\/blog\/index.php\/wp-json\/wp\/v2\/types\/post"}],"author":[{"embeddable":true,"href":"https:\/\/www.bastel-bastel.de\/blog\/index.php\/wp-json\/wp\/v2\/users\/1"}],"replies":[{"embeddable":true,"href":"https:\/\/www.bastel-bastel.de\/blog\/index.php\/wp-json\/wp\/v2\/comments?post=2853"}],"version-history":[{"count":0,"href":"https:\/\/www.bastel-bastel.de\/blog\/index.php\/wp-json\/wp\/v2\/posts\/2853\/revisions"}],"wp:attachment":[{"href":"https:\/\/www.bastel-bastel.de\/blog\/index.php\/wp-json\/wp\/v2\/media?parent=2853"}],"wp:term":[{"taxonomy":"category","embeddable":true,"href":"https:\/\/www.bastel-bastel.de\/blog\/index.php\/wp-json\/wp\/v2\/categories?post=2853"},{"taxonomy":"post_tag","embeddable":true,"href":"https:\/\/www.bastel-bastel.de\/blog\/index.php\/wp-json\/wp\/v2\/tags?post=2853"}],"curies":[{"name":"wp","href":"https:\/\/api.w.org\/{rel}","templated":true}]}}