{"id":2609,"date":"2020-02-26T12:51:19","date_gmt":"2020-02-26T11:51:19","guid":{"rendered":"https:\/\/www.bastel-bastel.de\/blog\/?p=2609"},"modified":"2020-02-26T12:51:19","modified_gmt":"2020-02-26T11:51:19","slug":"jochens-wetterblog-am-27-2-2020","status":"publish","type":"post","link":"https:\/\/www.bastel-bastel.de\/blog\/index.php\/2020\/02\/26\/jochens-wetterblog-am-27-2-2020\/","title":{"rendered":"Jochens Wetterblog am 27.2.2020"},"content":{"rendered":"\n<div class=\"wp-block-image\"><figure class=\"alignright size-large is-resized\"><a href=\"https:\/\/www.bastel-bastel.de\/blog\/wp-content\/uploads\/2020\/02\/DSC06758.jpg\"><img loading=\"lazy\" decoding=\"async\" src=\"https:\/\/www.bastel-bastel.de\/blog\/wp-content\/uploads\/2020\/02\/DSC06758-682x1024.jpg\" alt=\"\" class=\"wp-image-2610\" width=\"262\" height=\"393\"\/><\/a><\/figure><\/div>\n\n\n<p><strong>R\u00fcckblick<\/strong><br \/>Windiges Wetter statt Winterwetter.\u00a0<br \/>Auch nach dem Orkan Sabine gab es noch viel Wind. In B\u00f6en waren es immer wieder bis an die 60km\/h. Mittwoch, Freitag und Montag ging es bis Windst\u00e4rke 7 und auch an den anderen Tagen wehte ein starker Wind. Dazu fiel von Mittwoch bis Freitag und am Montag einiger Niederschlag. Nur das Wochenende war trocken. Die Temperaturen stiegen dabei auf fr\u00fchlingshafte Werte. Am Sonntag waren es rekordverd\u00e4chtige 21\u00b0C. Nachts k\u00fchlte es auf einstellige Werte ab, von Winter aber nach wie vor keine Spur. Stattdessen sieht man \u00fcberall schon die Pflanzen austreiben.\u00a0<br \/>Die Sonne zeigte sich am Samstag 8 Stunden und am Sonntag noch 4 Stunden, ansonsten waren sonnige Abschnitte Mangelware.<\/p>\n\n\n<p><\/p>\n\n\n<p><strong>Ausblick<\/strong><br \/>Die Temperaturen erreichen die n\u00e4chsten Tage Werte um die 10\u00b0C, f\u00fcr Sonntag sind sogar 15\u00b0C angek\u00fcndigt. Die N\u00e4chte bleiben Frostfrei. Die Sonne hat nur am Freitag eine Chance gegen die Wolken, das Wochenende soll tr\u00fcbe und windig werden.<\/p>\n","protected":false},"excerpt":{"rendered":"<p>R\u00fcckblickWindiges Wetter statt Winterwetter.\u00a0Auch nach dem Orkan Sabine gab es noch viel Wind. In B\u00f6en waren es immer wieder bis<\/p>\n","protected":false},"author":1,"featured_media":0,"comment_status":"open","ping_status":"closed","sticky":false,"template":"","format":"standard","meta":{"footnotes":""},"categories":[21],"tags":[],"class_list":["post-2609","post","type-post","status-publish","format-standard","hentry","category-wetter-der-blog-zu-www-ingersheimwetter-de"],"_links":{"self":[{"href":"https:\/\/www.bastel-bastel.de\/blog\/index.php\/wp-json\/wp\/v2\/posts\/2609","targetHints":{"allow":["GET"]}}],"collection":[{"href":"https:\/\/www.bastel-bastel.de\/blog\/index.php\/wp-json\/wp\/v2\/posts"}],"about":[{"href":"https:\/\/www.bastel-bastel.de\/blog\/index.php\/wp-json\/wp\/v2\/types\/post"}],"author":[{"embeddable":true,"href":"https:\/\/www.bastel-bastel.de\/blog\/index.php\/wp-json\/wp\/v2\/users\/1"}],"replies":[{"embeddable":true,"href":"https:\/\/www.bastel-bastel.de\/blog\/index.php\/wp-json\/wp\/v2\/comments?post=2609"}],"version-history":[{"count":0,"href":"https:\/\/www.bastel-bastel.de\/blog\/index.php\/wp-json\/wp\/v2\/posts\/2609\/revisions"}],"wp:attachment":[{"href":"https:\/\/www.bastel-bastel.de\/blog\/index.php\/wp-json\/wp\/v2\/media?parent=2609"}],"wp:term":[{"taxonomy":"category","embeddable":true,"href":"https:\/\/www.bastel-bastel.de\/blog\/index.php\/wp-json\/wp\/v2\/categories?post=2609"},{"taxonomy":"post_tag","embeddable":true,"href":"https:\/\/www.bastel-bastel.de\/blog\/index.php\/wp-json\/wp\/v2\/tags?post=2609"}],"curies":[{"name":"wp","href":"https:\/\/api.w.org\/{rel}","templated":true}]}}