{"id":2389,"date":"2009-12-29T11:25:00","date_gmt":"2009-12-29T10:25:00","guid":{"rendered":"https:\/\/www.bastel-bastel.de\/blog\/?p=2389"},"modified":"2021-10-27T21:43:33","modified_gmt":"2021-10-27T19:43:33","slug":"prius-auto-2-0","status":"publish","type":"post","link":"https:\/\/www.bastel-bastel.de\/blog\/index.php\/2009\/12\/29\/prius-auto-2-0\/","title":{"rendered":"Prius &#8211; Auto 2.0"},"content":{"rendered":"\n<p>In 2007 hatten wir einen Ford Focus Turnier (Kombi) und einen Toyota Yaris als Leasingfahrzeug. <br>Als der Yaris zum Kundendienst musste kam ich auf die bl\u00f6de Idee und fragte den Verk\u00e4ufer, ob ich vor\u00fcbergehend mal den Prius testen konnte. Das ging nat\u00fcrlich problemlos.<\/p>\n\n\n\n<p>Ergebnis: <br>Prius fahren ist wie Autofahren neu erleben. <br>Zur\u00fcck in der Werkstatt fragte ich spa\u00dfeshalber, ob ich den Yaris tauschen k\u00f6nnte. Der H\u00e4ndler meinte nur &#8222;bei Ihrem Leasing-Vertrag ist das jederzeit m\u00f6glich&#8220;<br>!?! Naja 2 Wochen sp\u00e4ter hatten wir den Prius bestellt\u2026 <\/p>\n\n\n\n<!--more-->\n\n\n\n<p><strong>Noch einen bitte\u2026 <\/strong><\/p>\n\n\n\n<div class=\"wp-block-image\"><figure class=\"alignright size-large is-resized\"><img loading=\"lazy\" decoding=\"async\" src=\"https:\/\/www.bastel-bastel.de\/blog\/wp-content\/uploads\/2019\/12\/a1.jpg\" alt=\"Prius - Auto 2.0\" class=\"wp-image-2390\" width=\"237\" height=\"137\"\/><figcaption>Prius &#8211; Auto 2.0<\/figcaption><\/figure><\/div>\n\n\n\n<p>2x Prius: links meiner, rechts der meiner Eltern. <br>Mit dem Vorf\u00fchrwagen bin ich bei meinen Eltern vorbeigefahren. <br>Die wollten zu der Zeit auch ein neues Auto kaufen, also habe ich das Auto vorgestellt und zu einer Probefahrt eingeladen. Meine Mutter ist eine Runde mitgefahren, mein Vater wollte in dieses &#8222;h\u00e4ssliche&#8220; Auto einfach nicht einsteigen. Sowas wie Hybrid kam ihm verd\u00e4chtig vor und \u00fcberhaupt &#8211; das sei kein Auto f\u00fcr ihn. Er fuhr vorher 5er BMW.<br>Kurz darauf hat er aus irgendeinem mir unbekannten Grund doch noch eine Probefahrt bei einem Autohaus gemacht und &#8211; 3 Wochen sp\u00e4ter hatten meine Eltern einen Prius &#8211; vor mir! <br>Denn ich war dummerweise sparsam und hatte das Basismodell bestellt, das wollte sonst niemand, daher war auch keins im Lager und ich musste 6 Monate auf meinen Prius warten &#8211; meine Eltern nahmen ein Fahrzeug mit besserer Ausstattung ab Importlager und hatten ihren Prius daher 3 Wochen nach Besichtigung &#8211; 4 Monate vor mir. <br><strong>Das ist b\u00f6se\u2026 <\/strong><br>Aber seither sind sie mit dem Auto hellauf begeistert und wir sind damit autom\u00e4\u00dfig eine der umweltfreundlichsten Familien in Ingersheim &#8211; abgesehen von denen, die zu Fu\u00df gehen. <br><\/p>\n\n\n\n<img loading=\"lazy\" decoding=\"async\" src=\"https:\/\/vg08.met.vgwort.de\/na\/e53503284c034e909b156a6e7bfbde73\" alt=\"\" width=\"1\" height=\"1\">\n\n\n\n<p><strong>Erfahrungswerte<\/strong><\/p>\n\n\n\n<p>78PS sind schon etwas wenig &#8211; k\u00f6nnte man meinen. <br>Doch in Verbindung mit dem kr\u00e4ftigen Elektromotor hat man satte 478Nm am Start &#8211; und das macht vor allem beim Start an der Ampel Spa\u00df. <br>Der Umwelt-Prius ist keineswegs eine lahme Gurke. Selbst bei l\u00e4ngeren Urlaubsfahrten steigt man viel entspannter aus, als bei Fahrzeugen mit herk\u00f6mmlicher Technik. Wollte ich mit meinem vorherigen Fahrzeug immer noch ein wenig schneller fahren, reicht beim Prius Tempo 130 &#8211; 140 problemlos aus. <br>H\u00f6rt sich komisch an, aber es ist so &#8211; der Prius verleitet einfach nicht zum Rasen.<br>Als Ergebnis ist man viel ruhiger und entspannter unterwegs, man &#8222;gleitet&#8220; \u00fcber die Autobahn. <br>Auch die systembedingte Maximalgeschwindigkeit von 180km\/h kann man problemlos ausfahren. Der Wert steht nicht wie bei anderen Fahrzeugen als theoretischer Maximalwert bei Bergabfahrt mit R\u00fcckenwind, sondern ist schnell erreichbar und nur wegen der elektronischen Begrenzung geht es dann nicht weiter. <br>Aber mal ehrlich &#8211; so schnell f\u00e4hrt man nur in Deutschland, wo die Autolobby viel zu viel mit an den Gesetzen schraubt &#8211; in anderen L\u00e4ndern sind H\u00f6chstgeschwindigkeiten \u00fcber 140 sowieso nutzlos &#8211; da darf man gar nicht schneller. <br>Die Gr\u00f6\u00dfe des Prius bietet problemlos 4 Personen Platz, auf den R\u00fccksitzen hat man mehr Beinfreiheit als in einem in der Verwandtschaft vorhandenen VW Passat. <br>Der Kofferraum ist bei umgeklappter R\u00fcckbank ebenfalls ein kleiner Raum-Riese. An meinen alten Ford Focus kommt er aber vor allem wegen dem hinten abfallenden Dach leider nicht heran, hohe Gegenst\u00e4nde muss man weit nach vorne schieben. Ein Prius Kombi w\u00e4re fein. Spa\u00df macht auch das lautlose Dahingleiten in 30er-Zonen, die verwunderten Gesichter der Passanten sind immer lustig anzusehen. Nur muss man aufpassen, dass man niemand \u00fcberf\u00e4hrt. <\/p>\n\n\n\n<div class=\"wp-block-image\"><figure class=\"aligncenter size-large is-resized\"><a href=\"https:\/\/www.bastel-bastel.de\/blog\/wp-content\/uploads\/2019\/12\/a2.jpg\"><img loading=\"lazy\" decoding=\"async\" src=\"https:\/\/www.bastel-bastel.de\/blog\/wp-content\/uploads\/2019\/12\/a2.jpg\" alt=\"2x ToyotaPrius \" class=\"wp-image-2391\" width=\"582\" height=\"253\"\/><\/a><figcaption>2x ToyotaPrius<\/figcaption><\/figure><\/div>\n\n\n\n<p>\u00dcber die Jahre hat es sich eingeb\u00fcrgert, dass die meisten einfach ohne zu schauen \u00fcber die Stra\u00dfe laufen, wenn sie nicht das laute Brummen eines Auto 1.0 h\u00f6ren. <br>Unser Sprit-Verbrauch liegt bei 5,7-5,9l \u00fcber alle Strecken. Das ist f\u00fcr unser Fahrprofil ein sehr guter Wert. Und was die Kommunikation eines Prius angeht, sieht jeder Porsche alt aus &#8211; so oft wie mit diesem Auto bin ich noch nie angesprochen worden: &#8222;boa ey, ein Hybrid &#8211; wie ist der so &#8211; wie funktioniert der &#8211; was verbraucht der?&#8220; (wie schnell und wie viel PS hat noch keiner gefragt)   <\/p>\n\n\n\n<p>Kein Auto ist die letzten Jahre so schlecht gemacht worden, wie der Toyota Prius. Nicht weil das Auto schlecht ist, sondern weil es so gut ist! Der Toyota Prius ist mit seinem Antrieb seiner Zeit \u00fcber 10 Jahre voraus. <br>Die Deutschen &#8222;Premium&#8220;-Hersteller bekommen etwas vergleichbares einfach nicht auf die Reihe. <br>Einfache L\u00f6sung des Problems: man redet das &#8222;Bessere&#8220; so lange schlecht bis es jeder glaubt. Das hat auch schon bei VHS, Atomkraftwerken, Politikern und sonstigen Dingen geklappt, wieso also nicht beim Auto? <br>Ganz einfach &#8211; weil die Umwelt immer mehr kaputtgeht und das Benzin immer teurer wird. <br>Alternative Konzepte sind also dringend gefragt &#8211; dumm nur, wenn man den Trend verschlafen hat. 2007, als ich den Prius gekauft habe, hie\u00df es \u00fcberall: unausgereift, braucht viel zu viele Ressourcen bei der Herstellung, teuer, taugt nichts. Diesel ist besser. \u00dcber Dieselstinker brauchen wir gar nicht erst reden &#8211; einfach mal hinter einem nagelneuen Diesel hinter der Ampel stehen und schauen was passiert, wenn es gr\u00fcn wird &#8211; dieser &#8222;Rauch&#8220; ist inakzeptabel und Diesel ist in keinster Weise umweltfreundlich &#8211; eigentlich ist es ja auch nur anders besteuertes Heiz\u00f6l\u2026 Und die anderen Argumente kommen immer nur von den Firmen, die sowas selbst nicht hinbekommen: wir k\u00f6nnen es nicht, also k\u00f6nnen es die anderen auch nicht, also taugt es nichts. <\/p>\n\n\n\n<p>Komisch nur, dass die in 2007 verteufelte Hybrid-Technik, die keiner bauen wollte und die nichts taugt in 2009 &#8222;eigentlich gar nicht so schlecht&#8220; ist &#8211; jetzt da die Deutschen Anbieter auch sowas entwickeln &#8211; ich behaupte mal ganz frech so in 2012 &#8211; 2015, also irgendwann, wenn die Deutschen Hersteller die Technik im Griff und auf dem Markt haben ist Hybrid das Nonplusultra &#8211; garantiert! Aber nat\u00fcrlich nicht, solange nur Toyota sowas hat, dann ist das nix. <\/p>\n\n\n\n<p><strong>Wenn Dumme testen\u2026 <\/strong><\/p>\n\n\n\n<p>\u2026dann wird ein nagelneuer Diesel, der noch nicht auf dem Markt ist mit einem 5 Jahre alten Benziner verglichen. Der Diesel gewinnt ganz knapp, toll! <br>Warum hat man nicht einfach auch vom Benziner das neue Modell genommen? Und warum ist der Diesel besser, obwohl die Werte in der Tabelle schlechter sind? <\/p>\n\n\n\n<p>So geht es eben, wenn man Angst vor einem Auto hat und dieses einfach schlecht machen muss. Ich bin kein Toyota-Gl\u00e4ubiger und w\u00fcrde liebend gerne einen VW oder Daimler kaufen. Nur &#8211; ich will entweder einen Hybrid oder einen Wagen mit e-Antrieb, alles andere ist Technik von gestern und die will ich nicht. Wo also bleibt der VW Twin-Drive? Oder der Daimler Vollhybrid? <\/p>\n\n\n\n<div class=\"wp-block-image\"><figure class=\"alignright size-large is-resized\"><a href=\"https:\/\/www.bastel-bastel.de\/blog\/wp-content\/uploads\/2019\/12\/a3.jpg\"><img loading=\"lazy\" decoding=\"async\" src=\"https:\/\/www.bastel-bastel.de\/blog\/wp-content\/uploads\/2019\/12\/a3.jpg\" alt=\"2x ToyotaPrius \" class=\"wp-image-2392\" width=\"218\" height=\"125\"\/><\/a><\/figure><\/div>\n\n\n\n<p>Ist es nicht peinlich, wenn BMW Werbung f\u00fcr die &#8222;neue&#8220; Start-Stopp-Automatik macht, wenn der Prius von Toyota schon seit 10 Jahren an jeder Ampel den Motor abstellt? Und auch dann, wenn es einfach mal bergab geht? <\/p>\n\n\n\n<p>Wo kann ich den e-Mini kaufen der \u00fcberall als das Super-Duper-Zukunftsfahrzeug angepriesen wird? Muss ich eben bei einem Japaner bleiben &#8211; schade\u2026 Und traurig, dass die Chinesen anscheinend mittlerweile ebenfalls an den Deutschen vorbeiziehen &#8211; dort wurde sowohl ein Hybrid als auch ein reines e-Fahrzeug angek\u00fcndigt &#8211; f\u00fcr den Verkauft! <\/p>\n\n\n\n<p><strong>Warum ich den Prius II nicht mehr kaufen w\u00fcrde\u2026 <\/strong><\/p>\n\n\n\n<p>Ganz einfach &#8211; weil es mittlerweile den Prius 3 gibt \ud83d\ude42 <\/p>\n\n\n\n<p>Und der ist noch viel besser. Daimler, VW, BMW, usw. Warum ich einen Toyota fahre? <br>Weil die deutschen Hersteller \u00fcber 10 Jahre hinterher sind! Ich w\u00fcrde sofort einen VW Golf Twindrive, einen Opel Ampera, einen BMW Elektro-Mini oder einen Mercedes Full-Hybriden kaufen. <br>Die sind ja angeblich alle viel besser als der Prius. <br>Ja Ihr Deutschen Premiumhersteller &#8211; ich w\u00fcrde gerne ein deutsches Hybridauto kaufen oder einen e-Mini als Zweitwagen, die meisten meiner Fahrten sind ja sowieso k\u00fcrzer als 20km. Also &#8211; was von all dem Superduper Zeug kann ich wo kaufen? <br>Wenn man die Ank\u00fcndigung der deutschen Hersteller so liest, fragt man sich, ob die n\u00e4chste Evolutionsstufe nicht vielleicht mit hei\u00dfer Luft angetrieben wird. Schade eigentlich &#8211; ich h\u00e4tte nichts gegen ein modernes deutsches KFZ. <\/p>\n\n\n\n<p><strong>Hinweis<\/strong><\/p>\n\n\n\n<p>Dieser Beitrag ist ein \u00dcbertrag aus meinem alten BLOG. Ver\u00f6ffentlicht in 2009 &#8211; vor \u00fcber 10 Jahren!<br>Einfach lesen und verstehen. Alles passiert genau, wie von mir vorhergesagt!<br><\/p>\n","protected":false},"excerpt":{"rendered":"<p>In 2007 hatten wir einen Ford Focus Turnier (Kombi) und einen Toyota Yaris als Leasingfahrzeug. Als der Yaris zum Kundendienst<\/p>\n","protected":false},"author":1,"featured_media":0,"comment_status":"open","ping_status":"closed","sticky":false,"template":"","format":"standard","meta":{"footnotes":""},"categories":[28],"tags":[],"class_list":["post-2389","post","type-post","status-publish","format-standard","hentry","category-elektromobilitaet"],"_links":{"self":[{"href":"https:\/\/www.bastel-bastel.de\/blog\/index.php\/wp-json\/wp\/v2\/posts\/2389","targetHints":{"allow":["GET"]}}],"collection":[{"href":"https:\/\/www.bastel-bastel.de\/blog\/index.php\/wp-json\/wp\/v2\/posts"}],"about":[{"href":"https:\/\/www.bastel-bastel.de\/blog\/index.php\/wp-json\/wp\/v2\/types\/post"}],"author":[{"embeddable":true,"href":"https:\/\/www.bastel-bastel.de\/blog\/index.php\/wp-json\/wp\/v2\/users\/1"}],"replies":[{"embeddable":true,"href":"https:\/\/www.bastel-bastel.de\/blog\/index.php\/wp-json\/wp\/v2\/comments?post=2389"}],"version-history":[{"count":1,"href":"https:\/\/www.bastel-bastel.de\/blog\/index.php\/wp-json\/wp\/v2\/posts\/2389\/revisions"}],"predecessor-version":[{"id":5779,"href":"https:\/\/www.bastel-bastel.de\/blog\/index.php\/wp-json\/wp\/v2\/posts\/2389\/revisions\/5779"}],"wp:attachment":[{"href":"https:\/\/www.bastel-bastel.de\/blog\/index.php\/wp-json\/wp\/v2\/media?parent=2389"}],"wp:term":[{"taxonomy":"category","embeddable":true,"href":"https:\/\/www.bastel-bastel.de\/blog\/index.php\/wp-json\/wp\/v2\/categories?post=2389"},{"taxonomy":"post_tag","embeddable":true,"href":"https:\/\/www.bastel-bastel.de\/blog\/index.php\/wp-json\/wp\/v2\/tags?post=2389"}],"curies":[{"name":"wp","href":"https:\/\/api.w.org\/{rel}","templated":true}]}}