{"id":2385,"date":"2013-04-01T12:34:00","date_gmt":"2013-04-01T10:34:00","guid":{"rendered":"https:\/\/www.bastel-bastel.de\/blog\/?p=2385"},"modified":"2013-04-01T12:34:00","modified_gmt":"2013-04-01T10:34:00","slug":"bez-batterie-einzugs-zentrale","status":"publish","type":"post","link":"https:\/\/www.bastel-bastel.de\/blog\/index.php\/2013\/04\/01\/bez-batterie-einzugs-zentrale\/","title":{"rendered":"BEZ &#8211; Batterie-Einzugs-Zentrale"},"content":{"rendered":"\n<p><strong>BEZ \u2013 Batterie-Einzugs-Zentrale gegr\u00fcndet.<\/strong><\/p>\n\n\n<p>(Berlin &#8211; 1.4.2013)\n<\/p>\n\n\n<img loading=\"lazy\" decoding=\"async\" src=\"https:\/\/vg08.met.vgwort.de\/na\/6c227906aa4d401cbe5d0c1fe57d87d2\" alt=\"\" width=\"1\" height=\"1\">\n\n\n<p>Die BundesreGIERung sieht sich mit dem immer mehr um  sich greifenden Tatbestand konfrontiert, dass sich Menschen der  Solidargemeinschaft der Stromverbraucher entziehen, indem sie illegal die  Sonne anzapfen und den so gewonnenen Strom heimlich oder unheimlich selbst verbrauchen. <\/p>\n\n\n<p>Um diesen T\u00e4tern auf die Schliche zu kommen wurde jetzt die Batterie-Einzugs-Zentrale gegr\u00fcndet.\n<\/p>\n\n\n<p>Damit sollen Solart\u00e4ter identifiziert und resozialisiert werden.\n<\/p>\n\n\n<p>F\u00fcr die Durchf\u00fchrung der Erkennungsdienstleistung\nwerden HartzIV-Empf\u00e4nger zu\nSolar-T\u00e4ter-Aussp\u00e4hungs-und\u2013Staatlich-Identifizierungs-Mitarbeitern\n(kurz STASI) umgeschult.\n<\/p>\n\n\n<p><strong>Bundesminister R.: <\/strong><\/p>\n\n\n<p>HartzIV-Empf\u00e4nger sind f\u00fcr diesen Job besonders gut  geeignet da in dieser Bev\u00f6lkerungsgruppe die Wut auf die  Solarstromschmarotzer am ausgepr\u00e4gtesten ist. M\u00fcssen diese Menschen doch  die gr\u00f6\u00dften Einschnitte hinnehmen, wenn sie nicht mehr die aktuellsten  technischen Spielereien kaufen k\u00f6nnen und auch den Zigaretten- und  Alkoholkonsum einschr\u00e4nken m\u00fcssen, weil die Strompreise ins Unermessliche  steigen, durch geldgierige Zahn\u00e4rzte und Landwirte die sich ihren Strom einfach von der Sonne abzapfen, anstatt sich an der Solidargemeinschaft  \u201eGemeinschaft for Strom\u201c (Neudeutsch G4-Strom) zu beteiligen. <\/p>\n\n\n<p><strong>Bundesminister A.: <\/strong><\/p>\n\n\n<p>Diesen Solart\u00e4tern muss unbedingt das Handwerk gelegt werden.\n<\/p>\n\n\n<p>Durch die Verweigerung des Strombezugs aus  staatskonformen Quellen, werden die Gewinne staatsfreundlicher Konzerne bedroht und damit auch die Altersversorgung Freiheitlich Denkender Politiker. Unser Schlaraffenland wird hier massiv bedroht, das ist nicht  hinnehmbar. <\/p>\n\n\n<p>Diese um sich greifende Unsitte, sich kostenlos mit frei verf\u00fcgbarer Energie zu versorgen, muss mit allen Mitteln verhindert werden. <\/p>\n\n\n<p>Ausserdem verstopfen diese Solart\u00e4ter die Stromautobahnen, wenn durch die Nichtabnahme von Strom der konventionell erzeugte Strom nicht mehr schnell genug abflie\u00dfen kann. <\/p>\n\n\n<p>Daher muss dieser Solarstrom-Tatbestand mit allen Mitteln bek\u00e4mpft und die T\u00e4ter resozialisiert werden.\n<\/p>\n\n\n<p>Die neu gegr\u00fcndete BEZ-Beh\u00f6rde hat daher die Aufgabe, Solart\u00e4ter zu identifizieren, sensibilisieren und resozialisieren.\n<\/p>\n\n\n<p>Hauptaufgabe der neu geschaffenen Beh\u00f6rde ist der  Einzug aller Batterien, Kartierung von Solaranlagen und Versendung von  Geb\u00fchrenbescheiden f\u00fcr den Besitz von Solaranlagen. Dabei ist es  irrelevant, ob die Anlagen in Betrieb sind oder nicht. Allein der Besitz  einer Photovoltaik-Anlage ist bereits Tatbestand. <\/p>\n\n\n<p><strong>Schon gewusst?<\/strong><\/p>\n\n\n<p>Wer einen Schatten hat, braucht auch keine Photovoltaik! <\/p>\n\n\n<p><strong>Update 12.2019<\/strong><\/p>\n\n\n<p>Dieser Beitrag wurde von mir am 1.4.2013 als Aprilscherz verfasst.<br \/>Mittlerweile wurde der Text durch die Wirklichkeit eingeholt.<br \/>F\u00fcr Eigent\u00fcmer von <a href=\"https:\/\/www.bastel-bastel.de\/blog\/?cat=180\">Solaranlagen<\/a> und <a href=\"https:\/\/www.bastel-bastel.de\/blog\/?cat=180\">Speichern<\/a> gibt es die Pflicht, sich im Stammdatenregister anzumelden und seine Anlagen zu melden.<br \/>F\u00fcr den Eigenverbrauch muss man EEG-Umlage zahlen, das ist quasi eine Steuer auf Sonnenlicht.  Unsere reGIERung labert von Umweltschutz und Klimanotstand. Diejenigen, die jedoch aktiv etwas f\u00fcr die Umwelt tun wollen, werden massiv behindert. Klimapolitik ist in Deutschland auch Ende 2019 immer noch eine Politik F\u00dcR Konzerninteressen und GEGEN die Umwelt. <\/p>\n\n\n<p>Wen die reGIERung aus ehemaligen FDJ-Funktion\u00e4ren, verurteilten Steuerhinterziehern, Dokumentenf\u00e4lschern- und Vernichtern sowie Tr\u00e4gern schwarzer Koffer besteht, muss man sich nicht wundern, dass die Politik nicht dem Wohl des Volkes dient.<\/p>\n\n\n<p><\/p>\n","protected":false},"excerpt":{"rendered":"<p>BEZ \u2013 Batterie-Einzugs-Zentrale gegr\u00fcndet. (Berlin &#8211; 1.4.2013) Die BundesreGIERung sieht sich mit dem immer mehr um sich greifenden Tatbestand konfrontiert,<\/p>\n","protected":false},"author":1,"featured_media":0,"comment_status":"open","ping_status":"closed","sticky":false,"template":"","format":"standard","meta":{"footnotes":""},"categories":[15],"tags":[],"class_list":["post-2385","post","type-post","status-publish","format-standard","hentry","category-photovoltaik"],"_links":{"self":[{"href":"https:\/\/www.bastel-bastel.de\/blog\/index.php\/wp-json\/wp\/v2\/posts\/2385","targetHints":{"allow":["GET"]}}],"collection":[{"href":"https:\/\/www.bastel-bastel.de\/blog\/index.php\/wp-json\/wp\/v2\/posts"}],"about":[{"href":"https:\/\/www.bastel-bastel.de\/blog\/index.php\/wp-json\/wp\/v2\/types\/post"}],"author":[{"embeddable":true,"href":"https:\/\/www.bastel-bastel.de\/blog\/index.php\/wp-json\/wp\/v2\/users\/1"}],"replies":[{"embeddable":true,"href":"https:\/\/www.bastel-bastel.de\/blog\/index.php\/wp-json\/wp\/v2\/comments?post=2385"}],"version-history":[{"count":0,"href":"https:\/\/www.bastel-bastel.de\/blog\/index.php\/wp-json\/wp\/v2\/posts\/2385\/revisions"}],"wp:attachment":[{"href":"https:\/\/www.bastel-bastel.de\/blog\/index.php\/wp-json\/wp\/v2\/media?parent=2385"}],"wp:term":[{"taxonomy":"category","embeddable":true,"href":"https:\/\/www.bastel-bastel.de\/blog\/index.php\/wp-json\/wp\/v2\/categories?post=2385"},{"taxonomy":"post_tag","embeddable":true,"href":"https:\/\/www.bastel-bastel.de\/blog\/index.php\/wp-json\/wp\/v2\/tags?post=2385"}],"curies":[{"name":"wp","href":"https:\/\/api.w.org\/{rel}","templated":true}]}}