{"id":2273,"date":"2019-12-06T09:39:51","date_gmt":"2019-12-06T08:39:51","guid":{"rendered":"https:\/\/www.bastel-bastel.de\/blog\/?p=2273"},"modified":"2019-12-06T09:39:51","modified_gmt":"2019-12-06T08:39:51","slug":"weltretter-freitag","status":"publish","type":"post","link":"https:\/\/www.bastel-bastel.de\/blog\/index.php\/2019\/12\/06\/weltretter-freitag\/","title":{"rendered":"Weltretter-Freitag"},"content":{"rendered":"\n<div class=\"wp-block-image\"><figure class=\"alignright size-large is-resized\"><a href=\"https:\/\/www.bastel-bastel.de\/blog\/wp-content\/uploads\/2018\/08\/IMG_4104.jpg\"><img loading=\"lazy\" decoding=\"async\" src=\"https:\/\/www.bastel-bastel.de\/blog\/wp-content\/uploads\/2018\/08\/IMG_4104-879x1024.jpg\" alt=\"\" class=\"wp-image-972\" width=\"209\" height=\"243\"\/><\/a><\/figure><\/div>\n\n\n<p>Es ist 9 Uhr am Morgen, 6.12.2019, Nikolaus-Freitag. Ich sitze am Schreibtisch und gerade habe ich dar\u00fcber nachgedacht, ob die Kinder heute bei -5 \u00b0C wieder die Welt retten werden?<br \/>Mir w\u00e4re das zu kalt, Fellm\u00fctzen darf man ja wegen den Tieren nicht mehr und Multifunktions-Klamotten aus Kunstfasern, das darf nur Greta.<\/p>\n\n\n<img loading=\"lazy\" decoding=\"async\" src=\"https:\/\/vg08.met.vgwort.de\/na\/b49107187c5042df8980686a0fb4429b\" alt=\"\" width=\"1\" height=\"1\">\n\n\n<p><strong>Es wird Zeit, meinen eigenen, heutigen \u00f6kologischen Fu\u00dfabdruck zu \u00fcberpr\u00fcfen:<\/strong><br \/>Heute fr\u00fch war ein Schoko-Nikolaus im Schuh.  Mit Kakao aus S\u00fcdamerika. Eingewickelt in ALU-Folie. Oh je, Nikolausi, hoffentlich schwebt Dein Schlitten CO2-neutral \u00fcber das Land.<br \/>Das Schoko-Ding muss ich heute noch schnell essen, damit niemand den Umweltfrevel  bemerkt.<br \/>Zum Fr\u00fchst\u00fcck gab es leckeren Kaffee. Mittlerweile habe ich eine Kaffeepflanze im B\u00fcro, aber bis ich da ernten kann, muss ich noch lange auf Kaffeebohnen aus \u00dcbersee zur\u00fcckgreifen. Die kommen wohl aus Bolivien. Immerhin, der Strom f\u00fcr das Aufheizen des Wassers kommt von der Solaranlage. Die bringt zwar im Winter nicht so viel, aber heute war es schon sehr fr\u00fch sonnig, da hat es gereicht. Das ist besser als Atomstrom.<br \/><br \/>Eine halbe Stunde Training auf dem Hometrainer, made in Germany. Tolles Ger\u00e4t, aber leider zu teuer, die Firma gibt es nicht mehr. Das Volk will lieber BILLIG. Zuk\u00fcnftig kommen auch solche Teile per Container aus \u00dcbersee. Da muss ich das Ding gut pflegen, damit es lange h\u00e4lt. Am besten ich benutze es nicht so oft, dann h\u00e4lt es l\u00e4nger \ud83d\ude42<br \/><br \/>Unter der hei\u00dfen Dusche muss ich daran denken, dass das Gas f\u00fcr die Heizung und das Warmwasser aus Russland kommt. Gut, dass die Russen nicht ganz so b\u00f6se sind, wie die Politiker immer erz\u00e4hlen. Ohne russisches Gas w\u00e4re es kalt im Haus. Sollten wir vielleicht lieber wieder auf \u00d6l umr\u00fcsten? Die armen Scheichs haben zur Zeit nichts zu lachen, alle Welt will weg vom \u00d6l. Denkt niemand an diese armen reichen Menschen? Die Solarthermie-Anlage auf dem Dach bringt am fr\u00fchen Morgen leider nichts.<br \/>Das Dusch-Wasser? Aus lokalen Quellen, vermischt mit Bodensee-Wasser. Aufw\u00e4ndig herangepumpt und gefiltert. Die Quellen sind mit Schadstoffen belastet, sauberes Wasser wird immer schwieriger in der Herstellung. <br \/>Meine Kleidung ist \u00fcberwiegend Made in Germany, da achte ich in letzter Zeit drauf. Es ist aber nicht einfach, so etwas zu finden. <br \/>Heute ziehe ich lieber eine Jogginghose an. Eine gro\u00dfe, deutsche Marke. Made in Bangladesch. Meine Filzpantoffel sind super bequem. Made in Germany. Immerhin.<br \/><br \/>Ich koche mir einen Tee f\u00fcr das B\u00fcro. Gr\u00fcner Tee ist gesund, aber aus Japan. In der K\u00fcche stehen leckere Trauben aus Spanien. Da nehme ich mir ein paar.<br \/>Zum B\u00fcro schaffe ich es ohne Auto, das ist nur ein Stockwerk entfernt. Das schaffe ich zu Fu\u00df. \u00d6kologisch vorbildlich. <br \/>Ich starte meine <a href=\"https:\/\/www.drucker-onkel.de\">Druckmaschinen<\/a>, made in Japan, setze mich an meinem PC, made in China. Der Stuhl ist aus Italien. Leider ist das Leder nicht vegan. Nach bald 20 Jahren ist das Tier auch teilweise durchgesessen. Der Monitor ist aus Singapur. Die <a href=\"https:\/\/www.bastel-bastel.de\/blog\/?p=1545\">IBM-Tastatur Model M<\/a> kommt aus England, die ist aus 1987, quasi unkaputtbar. Aber so etwas Nachhaltiges wird heute leider nicht mehr produziert. Das Handy ist von einem US-Hersteller, hergestellt in China.<br \/>Ich schalte das Webradio an. Der Livestream flie\u00dft \u00fcber viele Server und Router, alle ben\u00f6tigen Strom. Vermutlich ist da auch ein wenig Atom- und Kohlestrom dabei. Kann man da noch ohne schlechtes Gewissen Radio h\u00f6ren?<br \/>Im Radio kommen die Stau-Nachrichten. Kilometerlang Auto an Auto. Bei den aktuellen Temperaturen arbeitet keine Abgasreinigung &#8211; zum Schutz der Motoren &#8211; also volle Pulle CO2, NOx, Feinstaub und der ganze Dreck. Meine Frau wollte nicht mit dem Fahrrad zur Arbeit, es sei ihr zu kalt daf\u00fcr. Sie ist mit dem Elektroauto gefahren. Das darf man ja eigentlich gar nicht sagen, wir fahren einen <a href=\"https:\/\/www.bastel-bastel.de\/blog\/?p=1594\">Kona Elektro<\/a>. F\u00fcr das Lithium in der Batterie braucht man nach aktuellen Studien so viel Wasser, das h\u00e4tte f\u00fcr die Herstellung eines leckeren 250g-Steaks gereicht. Allerdings sagt die Studie nicht, ob das eine Kuh aus dem Dorf ist, oder ob der Transport aus Argentinien bereits eingerechnet ist. F\u00fcr Vegetarier w\u00e4re alternativ zum Steak auch 7 Avocados drin gewesen. Das Lithium h\u00e4tte auch gereicht, um den Alu-Block in einem Diesel-SUV zu beschichten. Wieso wird diese Info in den Studien immer unterschlagen? Akkus sind b\u00f6se. Auch die in Deinem Handy, Notebook, in Deinen Kopfh\u00f6rer und die ganzen Batterien und Knopfzellen f\u00fcr allen m\u00f6glichen Kram.<br \/>Immerhin ist der Fahrstrom vom eigenen Dach, deswegen muss in Afrika kein Fluss mit \u00d6l verseucht werden, kein Meer wird verdreckt und in Kanada k\u00f6nnen sie meinetwegen den \u00d6lschiefer im Boden lassen.<\/p>\n\n\n<p><strong>Zur\u00fcck zu meiner \u00d6kobilanz&#8230;<\/strong><br \/>CO2-Neutralit\u00e4t wird schwer. <br \/>Von der Umweltsau zum Umweltengel ist ein weiter Weg. Aber statt schimpfen und demonstrieren, mache ich lieber etwas. Also ich versuche es zumindest. Die Erweiterung der Fotovoltaik-Anlage ist bestellt. Von April bis Oktober sind wir dann komplett Energie-Autark, B\u00fcro und Auto eingeschlossen. Im Winter wird es nicht einfach. Da m\u00fcssen wir noch dran arbeiten.<br \/>Wenn ich dann mal herausgefunden habe, wie das alles geht, dann schreibe ich das in meinem Blog, damit andere sich das anschauen k\u00f6nnen. Versprochen \ud83d\ude42<br \/><br \/><a href=\"https:\/\/www.bastel-bastel.de\/blog\/?p=1845\">Der Server l\u00e4uft \u00fcbrigens 100% mit \u00d6kostrom. <\/a><\/p>\n","protected":false},"excerpt":{"rendered":"<p>Es ist 9 Uhr am Morgen, 6.12.2019, Nikolaus-Freitag. Ich sitze am Schreibtisch und gerade habe ich dar\u00fcber nachgedacht, ob die<\/p>\n","protected":false},"author":1,"featured_media":972,"comment_status":"open","ping_status":"closed","sticky":false,"template":"","format":"standard","meta":{"footnotes":""},"categories":[18],"tags":[],"class_list":["post-2273","post","type-post","status-publish","format-standard","has-post-thumbnail","hentry","category-umwelt"],"_links":{"self":[{"href":"https:\/\/www.bastel-bastel.de\/blog\/index.php\/wp-json\/wp\/v2\/posts\/2273","targetHints":{"allow":["GET"]}}],"collection":[{"href":"https:\/\/www.bastel-bastel.de\/blog\/index.php\/wp-json\/wp\/v2\/posts"}],"about":[{"href":"https:\/\/www.bastel-bastel.de\/blog\/index.php\/wp-json\/wp\/v2\/types\/post"}],"author":[{"embeddable":true,"href":"https:\/\/www.bastel-bastel.de\/blog\/index.php\/wp-json\/wp\/v2\/users\/1"}],"replies":[{"embeddable":true,"href":"https:\/\/www.bastel-bastel.de\/blog\/index.php\/wp-json\/wp\/v2\/comments?post=2273"}],"version-history":[{"count":0,"href":"https:\/\/www.bastel-bastel.de\/blog\/index.php\/wp-json\/wp\/v2\/posts\/2273\/revisions"}],"wp:featuredmedia":[{"embeddable":true,"href":"https:\/\/www.bastel-bastel.de\/blog\/index.php\/wp-json\/"}],"wp:attachment":[{"href":"https:\/\/www.bastel-bastel.de\/blog\/index.php\/wp-json\/wp\/v2\/media?parent=2273"}],"wp:term":[{"taxonomy":"category","embeddable":true,"href":"https:\/\/www.bastel-bastel.de\/blog\/index.php\/wp-json\/wp\/v2\/categories?post=2273"},{"taxonomy":"post_tag","embeddable":true,"href":"https:\/\/www.bastel-bastel.de\/blog\/index.php\/wp-json\/wp\/v2\/tags?post=2273"}],"curies":[{"name":"wp","href":"https:\/\/api.w.org\/{rel}","templated":true}]}}