{"id":2269,"date":"2019-12-04T13:17:49","date_gmt":"2019-12-04T12:17:49","guid":{"rendered":"https:\/\/www.bastel-bastel.de\/blog\/?p=2269"},"modified":"2019-12-04T13:17:49","modified_gmt":"2019-12-04T12:17:49","slug":"jochens-wetterblog-am-5-12-2019","status":"publish","type":"post","link":"https:\/\/www.bastel-bastel.de\/blog\/index.php\/2019\/12\/04\/jochens-wetterblog-am-5-12-2019\/","title":{"rendered":"Jochens Wetterblog am 5.12.2019"},"content":{"rendered":"\n<div class=\"wp-block-image is-style-default\"><figure class=\"alignright size-large is-resized\"><a href=\"https:\/\/www.bastel-bastel.de\/blog\/wp-content\/uploads\/2019\/12\/IMG_20191204_075708.jpg\"><img loading=\"lazy\" decoding=\"async\" src=\"https:\/\/www.bastel-bastel.de\/blog\/wp-content\/uploads\/2019\/12\/IMG_20191204_075708-724x1024.jpg\" alt=\"\" class=\"wp-image-2270\" width=\"267\" height=\"377\"\/><\/a><\/figure><\/div>\n\n\n<p><strong>R\u00fcckblick<\/strong><\/p>\n\n\n<p>Der November verabschiedete sich tr\u00fcbe und nass. Im Schnitt lag die Temperatur im November knapp +1K \u00fcber dem Normalwert. Beim Niederschlag fehlten knapp 6l\/qm bis zum langj\u00e4hrigen Schnitt. Der Dezember begann trocken und kalt. Am 1. Advent gab es keinen Sonnenschein, dichter Hochnebel bedeckte den ganzen Tag \u00fcber das Land. Ab Montag gab es nach Aufl\u00f6sung der Morgennebel tolles, sonniges Winterwetter. 6 Stunden Sonnenschein sind f\u00fcr Anfang Dezember ein guter Tageswert. Am Dienstag wurden es sogar knapp 8 Sonnenstunden. Die Temperaturen stiegen aber kaum an. Nur knapp 4\u00b0C wurden am Sonntag erreicht, f\u00fcr Dienstag zeigte das Thermometer maximal 6\u00b0C an. Nachts wurde es frostig kalt. Bis unter -2\u00b0C sanken die Werte, gef\u00fchlt war es sogar noch k\u00e4lter.<\/p>\n\n\n<p><strong>Ausblick<\/strong><br \/>Bis Freitag bleibt es kalt und nach Nebelaufl\u00f6sung kann es viel Sonne geben.\u00a0 Ab Samstag \u00e4ndert sich das Wetter. Wolken ziehen auf, es wird regnerisch. Die Temperaturen steigen wieder bis auf 10\u00b0C und es soll vor allem am Sonntag sehr windig werden. Die n\u00e4chste Woche startet dann wolkig und nass.<\/p>\n","protected":false},"excerpt":{"rendered":"<p>R\u00fcckblick Der November verabschiedete sich tr\u00fcbe und nass. Im Schnitt lag die Temperatur im November knapp +1K \u00fcber dem Normalwert.<\/p>\n","protected":false},"author":1,"featured_media":0,"comment_status":"open","ping_status":"closed","sticky":false,"template":"","format":"standard","meta":{"footnotes":""},"categories":[21],"tags":[],"class_list":["post-2269","post","type-post","status-publish","format-standard","hentry","category-wetter-der-blog-zu-www-ingersheimwetter-de"],"_links":{"self":[{"href":"https:\/\/www.bastel-bastel.de\/blog\/index.php\/wp-json\/wp\/v2\/posts\/2269","targetHints":{"allow":["GET"]}}],"collection":[{"href":"https:\/\/www.bastel-bastel.de\/blog\/index.php\/wp-json\/wp\/v2\/posts"}],"about":[{"href":"https:\/\/www.bastel-bastel.de\/blog\/index.php\/wp-json\/wp\/v2\/types\/post"}],"author":[{"embeddable":true,"href":"https:\/\/www.bastel-bastel.de\/blog\/index.php\/wp-json\/wp\/v2\/users\/1"}],"replies":[{"embeddable":true,"href":"https:\/\/www.bastel-bastel.de\/blog\/index.php\/wp-json\/wp\/v2\/comments?post=2269"}],"version-history":[{"count":0,"href":"https:\/\/www.bastel-bastel.de\/blog\/index.php\/wp-json\/wp\/v2\/posts\/2269\/revisions"}],"wp:attachment":[{"href":"https:\/\/www.bastel-bastel.de\/blog\/index.php\/wp-json\/wp\/v2\/media?parent=2269"}],"wp:term":[{"taxonomy":"category","embeddable":true,"href":"https:\/\/www.bastel-bastel.de\/blog\/index.php\/wp-json\/wp\/v2\/categories?post=2269"},{"taxonomy":"post_tag","embeddable":true,"href":"https:\/\/www.bastel-bastel.de\/blog\/index.php\/wp-json\/wp\/v2\/tags?post=2269"}],"curies":[{"name":"wp","href":"https:\/\/api.w.org\/{rel}","templated":true}]}}