{"id":2263,"date":"2019-11-27T13:22:31","date_gmt":"2019-11-27T12:22:31","guid":{"rendered":"https:\/\/www.bastel-bastel.de\/blog\/?p=2263"},"modified":"2019-11-27T13:22:31","modified_gmt":"2019-11-27T12:22:31","slug":"jochens-wetterblog-am-28-11-2019","status":"publish","type":"post","link":"https:\/\/www.bastel-bastel.de\/blog\/index.php\/2019\/11\/27\/jochens-wetterblog-am-28-11-2019\/","title":{"rendered":"Jochens Wetterblog am 28.11.2019"},"content":{"rendered":"\n<p><strong>R\u00fcckblick<\/strong><\/p>\n\n\n<div class=\"wp-block-image\"><figure class=\"alignright size-large is-resized\"><img loading=\"lazy\" decoding=\"async\" src=\"https:\/\/www.bastel-bastel.de\/blog\/wp-content\/uploads\/2019\/11\/P1030592-768x1024.jpg\" alt=\"\" class=\"wp-image-2264\" width=\"238\" height=\"316\"\/><\/figure><\/div>\n\n\n<p>Die letzten Tage war kaum Bewegung im Wetter. Mit maximal 17 km\/h herrschte weitgehend Flaute. Dadurch blieben Nebel und Wolken \u00fcberwiegend an Ort und Stelle. Am Freitag riss die Wolkendecke f\u00fcr l\u00e4ngere Zeit auf und auch am Dienstag schaffte es die Sonne durch die Wolken. Die \u00fcbrigen Tage lagen weitgehend unter Hochnebel und Wolken. Insgesamt gab es daher nur 16 Sonnenstunden.\u00a0<br \/>Nachts k\u00fchlte es bis auf Werte um den Gefrierpunkt ab. Tags\u00fcber stiegen die Temperaturen auf 4\u00a0\u00b0C am Mittwoch bis 10\u00a0\u00b0C am Samstag. Am Dienstag gab es einen kleinen Wetterwechsel. Nachts sanken die Werte nur noch bis auf 5\u00a0\u00b0C und tags\u00fcber stieg das Thermometer bis auf 13\u00a0\u00b0C.<\/p>\n\n\n<p><strong>Ausblick<\/strong><br \/>Am Donnerstag und Freitag wird es recht windig, teilweise st\u00fcrmisch. Die Temperaturen steigen tags\u00fcber bis auf milde 12\u00a0\u00b0C und es soll immer wieder regnen. Am Samstag soll es sonnig werden, aber schon f\u00fcr Sonntag sind wieder Wolken angek\u00fcndigt. Ab dem Wochenende sinken die Temperaturen deutlich. Dann sind nur noch maximal 4\u00a0\u00b0C drin.<\/p>\n","protected":false},"excerpt":{"rendered":"<p>R\u00fcckblick Die letzten Tage war kaum Bewegung im Wetter. Mit maximal 17 km\/h herrschte weitgehend Flaute. Dadurch blieben Nebel und<\/p>\n","protected":false},"author":1,"featured_media":0,"comment_status":"open","ping_status":"closed","sticky":false,"template":"","format":"standard","meta":{"footnotes":""},"categories":[21],"tags":[],"class_list":["post-2263","post","type-post","status-publish","format-standard","hentry","category-wetter-der-blog-zu-www-ingersheimwetter-de"],"_links":{"self":[{"href":"https:\/\/www.bastel-bastel.de\/blog\/index.php\/wp-json\/wp\/v2\/posts\/2263","targetHints":{"allow":["GET"]}}],"collection":[{"href":"https:\/\/www.bastel-bastel.de\/blog\/index.php\/wp-json\/wp\/v2\/posts"}],"about":[{"href":"https:\/\/www.bastel-bastel.de\/blog\/index.php\/wp-json\/wp\/v2\/types\/post"}],"author":[{"embeddable":true,"href":"https:\/\/www.bastel-bastel.de\/blog\/index.php\/wp-json\/wp\/v2\/users\/1"}],"replies":[{"embeddable":true,"href":"https:\/\/www.bastel-bastel.de\/blog\/index.php\/wp-json\/wp\/v2\/comments?post=2263"}],"version-history":[{"count":0,"href":"https:\/\/www.bastel-bastel.de\/blog\/index.php\/wp-json\/wp\/v2\/posts\/2263\/revisions"}],"wp:attachment":[{"href":"https:\/\/www.bastel-bastel.de\/blog\/index.php\/wp-json\/wp\/v2\/media?parent=2263"}],"wp:term":[{"taxonomy":"category","embeddable":true,"href":"https:\/\/www.bastel-bastel.de\/blog\/index.php\/wp-json\/wp\/v2\/categories?post=2263"},{"taxonomy":"post_tag","embeddable":true,"href":"https:\/\/www.bastel-bastel.de\/blog\/index.php\/wp-json\/wp\/v2\/tags?post=2263"}],"curies":[{"name":"wp","href":"https:\/\/api.w.org\/{rel}","templated":true}]}}