{"id":218,"date":"2017-02-08T12:09:21","date_gmt":"2017-02-08T11:09:21","guid":{"rendered":"http:\/\/www.bastel-bastel.de\/blog\/?p=218"},"modified":"2017-02-08T12:09:21","modified_gmt":"2017-02-08T11:09:21","slug":"jochens-wetterblog-am-9-2-2017","status":"publish","type":"post","link":"https:\/\/www.bastel-bastel.de\/blog\/index.php\/2017\/02\/08\/jochens-wetterblog-am-9-2-2017\/","title":{"rendered":"Jochens Wetterblog am 9.2.2017"},"content":{"rendered":"<p><strong>R\u00fcckblick<\/strong><a href=\"https:\/\/www.bastel-bastel.de\/blog\/wp-content\/uploads\/2017\/02\/MG_5327.jpg\"><img loading=\"lazy\" decoding=\"async\" class=\"size-medium wp-image-219 alignright\" src=\"https:\/\/www.bastel-bastel.de\/blog\/wp-content\/uploads\/2017\/02\/MG_5327-300x289.jpg\" alt=\"Ein Wetter zum G\u00e4hnen\" width=\"300\" height=\"289\" \/><\/a><br \/>\nEine Woche mit ruhigem Wetter liegt hinter uns. Der Himmel war \u00fcberwiegend bew\u00f6lkt, nur ab und zu zeigte sich die Sonne f\u00fcr l\u00e4ngere Zeit. Am meisten Sonnenschein gab es dabei am Dienstag mit knapp 6 Stunden. Die Temperaturen stiegen tags\u00fcber teilweise bis auf zweistellige Werte, am Donnerstag bis auf 12\u00b0C. Nachts war es die ganze Woche frostfrei. Am Wochenende gab es etwas Wind mit einigen st\u00e4rkere B\u00f6en, ansonsten war der Wind nur schwach sp\u00fcrbar. An Niederschlag fielen ab und zu ein paar Tropfen, f\u00fcr einen richtigen Regen reichte die Niederschlagsmenge aber nicht.<br \/>\n&nbsp;<br \/>\n&nbsp;<br \/>\n<strong>Ausblick<\/strong><br \/>\nDie Medien sprechen schon seit Tagen vom zur\u00fcckkehrenden Winter mit Dauerfrost. Bei uns wird es allerdings nicht so schlimm. Nachts gibt es wieder Frost bis -5\u00b0C, tags\u00fcber steigen die Temperaturen auf Werte um die 5\u00b0C. Der Donnerstag wird wolkig, am Freitag gibt es dann wieder mehr Sonne und f\u00fcr Sonntag ist viel Wind vorhergesagt.<br \/>\n&nbsp;<\/p>\n","protected":false},"excerpt":{"rendered":"<p>R\u00fcckblick Eine Woche mit ruhigem Wetter liegt hinter uns. Der Himmel war \u00fcberwiegend bew\u00f6lkt, nur ab und zu zeigte sich<\/p>\n","protected":false},"author":1,"featured_media":0,"comment_status":"open","ping_status":"open","sticky":false,"template":"","format":"standard","meta":{"footnotes":""},"categories":[21],"tags":[113,121,212,216,217],"class_list":["post-218","post","type-post","status-publish","format-standard","hentry","category-wetter-der-blog-zu-www-ingersheimwetter-de","tag-ingersheim","tag-klima","tag-wetter","tag-winter","tag-wolken"],"_links":{"self":[{"href":"https:\/\/www.bastel-bastel.de\/blog\/index.php\/wp-json\/wp\/v2\/posts\/218","targetHints":{"allow":["GET"]}}],"collection":[{"href":"https:\/\/www.bastel-bastel.de\/blog\/index.php\/wp-json\/wp\/v2\/posts"}],"about":[{"href":"https:\/\/www.bastel-bastel.de\/blog\/index.php\/wp-json\/wp\/v2\/types\/post"}],"author":[{"embeddable":true,"href":"https:\/\/www.bastel-bastel.de\/blog\/index.php\/wp-json\/wp\/v2\/users\/1"}],"replies":[{"embeddable":true,"href":"https:\/\/www.bastel-bastel.de\/blog\/index.php\/wp-json\/wp\/v2\/comments?post=218"}],"version-history":[{"count":0,"href":"https:\/\/www.bastel-bastel.de\/blog\/index.php\/wp-json\/wp\/v2\/posts\/218\/revisions"}],"wp:attachment":[{"href":"https:\/\/www.bastel-bastel.de\/blog\/index.php\/wp-json\/wp\/v2\/media?parent=218"}],"wp:term":[{"taxonomy":"category","embeddable":true,"href":"https:\/\/www.bastel-bastel.de\/blog\/index.php\/wp-json\/wp\/v2\/categories?post=218"},{"taxonomy":"post_tag","embeddable":true,"href":"https:\/\/www.bastel-bastel.de\/blog\/index.php\/wp-json\/wp\/v2\/tags?post=218"}],"curies":[{"name":"wp","href":"https:\/\/api.w.org\/{rel}","templated":true}]}}