{"id":208,"date":"2017-01-25T11:39:49","date_gmt":"2017-01-25T10:39:49","guid":{"rendered":"http:\/\/www.bastel-bastel.de\/blog\/?p=208"},"modified":"2017-01-25T11:39:49","modified_gmt":"2017-01-25T10:39:49","slug":"jochens-wetterblog-am-26-1-2017","status":"publish","type":"post","link":"https:\/\/www.bastel-bastel.de\/blog\/index.php\/2017\/01\/25\/jochens-wetterblog-am-26-1-2017\/","title":{"rendered":"Jochens Wetterblog am 26.1.2017"},"content":{"rendered":"<p><strong>R\u00fcckblick<a href=\"https:\/\/www.bastel-bastel.de\/blog\/wp-content\/uploads\/2017\/01\/MG_4875.jpg\"><img loading=\"lazy\" decoding=\"async\" class=\"size-medium wp-image-209 alignright\" src=\"https:\/\/www.bastel-bastel.de\/blog\/wp-content\/uploads\/2017\/01\/MG_4875-189x300.jpg\" alt=\"Eiskristalle in Ingersheim\" width=\"189\" height=\"300\" \/><\/a><\/strong><br \/>\nEine Woche aus dem Eisschrank liegt hinter uns. Von Donnerstag bis Freitag gab es tags\u00fcber nur minimale Plusgrade bis 1\u00b0C, ansonsten lagen die Temperaturen weit im Frostbereich. Der Tiefstwert wurde am Montag fr\u00fch mit -12,6\u00b0C gemessen. Es gab 4 Frosttage (H\u00f6chstwerte unter 0\u00b0C) und seit 3 Tagen herrscht Dauerfrost, dabei stieg das Thermometer am Dienstag kaum \u00fcber die -5\u00b0C. Dazu allerdings gab es von Mittwoch bis Montag ganztags sch\u00f6nsten Sonnenschein. Der Dienstag versank dann leider im Nebel. Durch die hohe Luftfeuchte f\u00fchlte sich die Luft noch k\u00e4lter an und die Pflanzen schm\u00fcckten sich mit einem \u00dcberzug aus Eiskristallen. Der Wind war nur schwach unterwegs und Niederschlag gab es nur ganz wenig in Form von ein paar Schneeflocken. Die K\u00e4lte scheint auch das Stromnetz zu belasten, die Spannung war vor allem morgens teilweise sehr niedrig.<br \/>\n&nbsp;<br \/>\n&nbsp;<br \/>\n<strong>Ausblick <\/strong><br \/>\nEs soll wieder sonniger werden. Die Temperaturen steigen aber nur langsam an. Tags\u00fcber sollen die H\u00f6chstwerte von Donnerstag -1\u00b0C bis Sonntag auf +8\u00b0C ansteigen, nachts bleibt es aber bei Frost.<br \/>\nNiederschlag ist bis zum Wochenende nicht angek\u00fcndigt und der Wind bleibt schwach bis m\u00e4\u00dfig. Die n\u00e4chste Woche soll sich der Frost dann erst mal zur\u00fcckziehen.<\/p>\n","protected":false},"excerpt":{"rendered":"<p>R\u00fcckblick Eine Woche aus dem Eisschrank liegt hinter uns. Von Donnerstag bis Freitag gab es tags\u00fcber nur minimale Plusgrade bis<\/p>\n","protected":false},"author":1,"featured_media":0,"comment_status":"open","ping_status":"open","sticky":false,"template":"","format":"standard","meta":{"footnotes":""},"categories":[21],"tags":[53,95,113,121,212,216],"class_list":["post-208","post","type-post","status-publish","format-standard","hentry","category-wetter-der-blog-zu-www-ingersheimwetter-de","tag-blog","tag-frost","tag-ingersheim","tag-klima","tag-wetter","tag-winter"],"_links":{"self":[{"href":"https:\/\/www.bastel-bastel.de\/blog\/index.php\/wp-json\/wp\/v2\/posts\/208","targetHints":{"allow":["GET"]}}],"collection":[{"href":"https:\/\/www.bastel-bastel.de\/blog\/index.php\/wp-json\/wp\/v2\/posts"}],"about":[{"href":"https:\/\/www.bastel-bastel.de\/blog\/index.php\/wp-json\/wp\/v2\/types\/post"}],"author":[{"embeddable":true,"href":"https:\/\/www.bastel-bastel.de\/blog\/index.php\/wp-json\/wp\/v2\/users\/1"}],"replies":[{"embeddable":true,"href":"https:\/\/www.bastel-bastel.de\/blog\/index.php\/wp-json\/wp\/v2\/comments?post=208"}],"version-history":[{"count":0,"href":"https:\/\/www.bastel-bastel.de\/blog\/index.php\/wp-json\/wp\/v2\/posts\/208\/revisions"}],"wp:attachment":[{"href":"https:\/\/www.bastel-bastel.de\/blog\/index.php\/wp-json\/wp\/v2\/media?parent=208"}],"wp:term":[{"taxonomy":"category","embeddable":true,"href":"https:\/\/www.bastel-bastel.de\/blog\/index.php\/wp-json\/wp\/v2\/categories?post=208"},{"taxonomy":"post_tag","embeddable":true,"href":"https:\/\/www.bastel-bastel.de\/blog\/index.php\/wp-json\/wp\/v2\/tags?post=208"}],"curies":[{"name":"wp","href":"https:\/\/api.w.org\/{rel}","templated":true}]}}