{"id":169,"date":"2016-12-21T12:12:14","date_gmt":"2016-12-21T11:12:14","guid":{"rendered":"http:\/\/www.bastel-bastel.de\/blog\/?p=169"},"modified":"2016-12-21T12:12:14","modified_gmt":"2016-12-21T11:12:14","slug":"jochens-wetterblog-am-22-12-2016","status":"publish","type":"post","link":"https:\/\/www.bastel-bastel.de\/blog\/index.php\/2016\/12\/21\/jochens-wetterblog-am-22-12-2016\/","title":{"rendered":"Jochens Wetterblog am 22.12.2016"},"content":{"rendered":"<p><strong>R\u00fcckblick<\/strong><br \/>\nDunkle Tage liegen hinter uns.\u00a0 Auch beim Wetter gab es fast keinen Sonnenschein. Nur der Dienstag zeigte sich mit 5 Sonnenstunden etwas freundlicher. Bei nur wenig Wind verschwanden die restlichen Tage unter dichten Wolken und Nebel. Durch die geringe Luftbewegung blieben auch die Abgase von Verbrennerfahrzeugen und Heizungsanlagen an Ort und Stelle. Dadurch gab es eine hohe Schadstoffkonzentration und in Stuttgart wieder Feinstaubalarm. Die Temperaturen stiegen nur auf einstellige Werte, meistens blieb es unter 3\u00b0C. Nachts sanken die Werte bis auf den Gefrierpunkt oder knapp darunter.<a href=\"https:\/\/www.bastel-bastel.de\/blog\/wp-content\/uploads\/2016\/12\/IMG_20161127_111324.jpg\" rel=\"attachment wp-att-170\"><img loading=\"lazy\" decoding=\"async\" class=\"size-medium wp-image-170 alignright\" src=\"https:\/\/www.bastel-bastel.de\/blog\/wp-content\/uploads\/2016\/12\/IMG_20161127_111324-225x300.jpg\" alt=\"Weihnachtsmarkt Esslingen\" width=\"225\" height=\"300\" \/><\/a><br \/>\n&nbsp;<br \/>\n<strong>Ausblick<\/strong><br \/>\nWei\u00dfe Weihnachten wird es wohl nicht geben. Bis zum Wochenende sollen die Temperaturen auf bis zu 10\u00b0C ansteigen. Dazu gibt es dicke Wolken und f\u00fcr Heiligabend liegt die Niederschlagswahrscheinlichkeit bei 90%. Daf\u00fcr soll es st\u00fcrmisch werden.<br \/>\n&nbsp;<\/p>\n","protected":false},"excerpt":{"rendered":"<p>R\u00fcckblick Dunkle Tage liegen hinter uns.\u00a0 Auch beim Wetter gab es fast keinen Sonnenschein. Nur der Dienstag zeigte sich mit<\/p>\n","protected":false},"author":1,"featured_media":0,"comment_status":"open","ping_status":"open","sticky":false,"template":"","format":"standard","meta":{"footnotes":""},"categories":[21],"tags":[113,121,212],"class_list":["post-169","post","type-post","status-publish","format-standard","hentry","category-wetter-der-blog-zu-www-ingersheimwetter-de","tag-ingersheim","tag-klima","tag-wetter"],"_links":{"self":[{"href":"https:\/\/www.bastel-bastel.de\/blog\/index.php\/wp-json\/wp\/v2\/posts\/169","targetHints":{"allow":["GET"]}}],"collection":[{"href":"https:\/\/www.bastel-bastel.de\/blog\/index.php\/wp-json\/wp\/v2\/posts"}],"about":[{"href":"https:\/\/www.bastel-bastel.de\/blog\/index.php\/wp-json\/wp\/v2\/types\/post"}],"author":[{"embeddable":true,"href":"https:\/\/www.bastel-bastel.de\/blog\/index.php\/wp-json\/wp\/v2\/users\/1"}],"replies":[{"embeddable":true,"href":"https:\/\/www.bastel-bastel.de\/blog\/index.php\/wp-json\/wp\/v2\/comments?post=169"}],"version-history":[{"count":0,"href":"https:\/\/www.bastel-bastel.de\/blog\/index.php\/wp-json\/wp\/v2\/posts\/169\/revisions"}],"wp:attachment":[{"href":"https:\/\/www.bastel-bastel.de\/blog\/index.php\/wp-json\/wp\/v2\/media?parent=169"}],"wp:term":[{"taxonomy":"category","embeddable":true,"href":"https:\/\/www.bastel-bastel.de\/blog\/index.php\/wp-json\/wp\/v2\/categories?post=169"},{"taxonomy":"post_tag","embeddable":true,"href":"https:\/\/www.bastel-bastel.de\/blog\/index.php\/wp-json\/wp\/v2\/tags?post=169"}],"curies":[{"name":"wp","href":"https:\/\/api.w.org\/{rel}","templated":true}]}}