{"id":163,"date":"2016-12-14T12:00:14","date_gmt":"2016-12-14T11:00:14","guid":{"rendered":"http:\/\/www.bastel-bastel.de\/blog\/?p=163"},"modified":"2016-12-14T12:00:14","modified_gmt":"2016-12-14T11:00:14","slug":"jochens-wetterblog-am-8-12-2016","status":"publish","type":"post","link":"https:\/\/www.bastel-bastel.de\/blog\/index.php\/2016\/12\/14\/jochens-wetterblog-am-8-12-2016\/","title":{"rendered":"Jochens Wetterblog am 8.12.2016"},"content":{"rendered":"<p><img loading=\"lazy\" decoding=\"async\" class=\"size-medium wp-image-164 alignright\" src=\"https:\/\/www.bastel-bastel.de\/blog\/wp-content\/uploads\/2016\/12\/IMG_0218-225x300.jpg\" alt=\"IMG_0218\" width=\"225\" height=\"300\" \/><br \/>\n&nbsp;<br \/>\nEs ist winterlich kalt geworden. Der Dezember startete mit Nachtfrost bis an die -6\u00b0C. Tags\u00fcber stiegen die Werte nur bis knapp 7\u00b0C. Am Dienstag kam das Thermometer \u00fcberhaupt nicht aus dem Eiskeller. Mit maximal -1,7\u00b0C gab es einen Eistag (Tag an dem die Temperaturen nicht \u00fcber 0\u00b0C steigen). Am Freitag war es stark bew\u00f6lkt und die Sonne schien nur durch wenige Wolkenl\u00fccken.\u00a0 Die anderen Tage von Mittwoch bis Montag gab es viel Sonnenschein. Insgesamt kamen dabei 42 Sonnenstunden zusammen. Der Dienstag brachte dann aber viel Nebel und allein durch Reif und gefrierenden Nebel eine Landschaft die aussah als ob es geschneit h\u00e4tte. Bei uns hielten sich den ganzen Tag dichte Nebelwolken, dort wo es die Sonne durch den Nebel schaffte war dagegen auch der Dienstag ein wundersch\u00f6ner Tag.<br \/>\n&nbsp;<br \/>\n<strong>Ausblick<\/strong><br \/>\nDie n\u00e4chsten Tage \u00e4ndert sich das Wetter kaum. Es gibt dichten Nebel. Dort wo die Sonne es schafft den Nebel zu verdr\u00e4ngen wird es sonnig, ansonsten kann es auch den ganzen Tag tr\u00fcbe bleiben. Die Temperaturen pendeln um den Gefrierpunkt, bei Sonnenschein kann es auch Werte bis 6\u00b0C oder dar\u00fcber geben. Bis Samstag soll es trocken bleiben, am Sonntag kann es leichten Regen geben.<br \/>\n&nbsp;<\/p>\n","protected":false},"excerpt":{"rendered":"<p>&nbsp; Es ist winterlich kalt geworden. Der Dezember startete mit Nachtfrost bis an die -6\u00b0C. Tags\u00fcber stiegen die Werte nur<\/p>\n","protected":false},"author":1,"featured_media":0,"comment_status":"open","ping_status":"open","sticky":false,"template":"","format":"standard","meta":{"footnotes":""},"categories":[21],"tags":[113,121,212],"class_list":["post-163","post","type-post","status-publish","format-standard","hentry","category-wetter-der-blog-zu-www-ingersheimwetter-de","tag-ingersheim","tag-klima","tag-wetter"],"_links":{"self":[{"href":"https:\/\/www.bastel-bastel.de\/blog\/index.php\/wp-json\/wp\/v2\/posts\/163","targetHints":{"allow":["GET"]}}],"collection":[{"href":"https:\/\/www.bastel-bastel.de\/blog\/index.php\/wp-json\/wp\/v2\/posts"}],"about":[{"href":"https:\/\/www.bastel-bastel.de\/blog\/index.php\/wp-json\/wp\/v2\/types\/post"}],"author":[{"embeddable":true,"href":"https:\/\/www.bastel-bastel.de\/blog\/index.php\/wp-json\/wp\/v2\/users\/1"}],"replies":[{"embeddable":true,"href":"https:\/\/www.bastel-bastel.de\/blog\/index.php\/wp-json\/wp\/v2\/comments?post=163"}],"version-history":[{"count":0,"href":"https:\/\/www.bastel-bastel.de\/blog\/index.php\/wp-json\/wp\/v2\/posts\/163\/revisions"}],"wp:attachment":[{"href":"https:\/\/www.bastel-bastel.de\/blog\/index.php\/wp-json\/wp\/v2\/media?parent=163"}],"wp:term":[{"taxonomy":"category","embeddable":true,"href":"https:\/\/www.bastel-bastel.de\/blog\/index.php\/wp-json\/wp\/v2\/categories?post=163"},{"taxonomy":"post_tag","embeddable":true,"href":"https:\/\/www.bastel-bastel.de\/blog\/index.php\/wp-json\/wp\/v2\/tags?post=163"}],"curies":[{"name":"wp","href":"https:\/\/api.w.org\/{rel}","templated":true}]}}