{"id":1577,"date":"2019-02-06T13:33:24","date_gmt":"2019-02-06T12:33:24","guid":{"rendered":"https:\/\/www.bastel-bastel.de\/blog\/?p=1577"},"modified":"2019-02-06T13:33:24","modified_gmt":"2019-02-06T12:33:24","slug":"jochens-wetterblog-am-7-2-2019","status":"publish","type":"post","link":"https:\/\/www.bastel-bastel.de\/blog\/index.php\/2019\/02\/06\/jochens-wetterblog-am-7-2-2019\/","title":{"rendered":"Jochens Wetterblog am 7.2.2019"},"content":{"rendered":"\n<div class=\"wp-block-image\"><figure class=\"alignright is-resized\"><img loading=\"lazy\" decoding=\"async\" src=\"https:\/\/www.bastel-bastel.de\/blog\/wp-content\/uploads\/2019\/02\/DSC06711-683x1024.jpg\" alt=\"\" class=\"wp-image-1578\" width=\"296\" height=\"443\"\/><\/figure><\/div>\n\n\n<p><strong>R\u00fcckblick<\/strong><br \/> Ziemlich windig war es am Mittwoch. B\u00f6en erreichten ausserorts teilweise Sturmst\u00e4rke.  Auf Donnerstag schw\u00e4chte sich der Wind ab, daf\u00fcr zogen dicke Schneewolken \u00fcbers Land. Nach frostigen -4\u00b0C in der Nacht begann es morgens heftig zu schneien. Nach kaum 30 Minuten lag eine geschlossene Schneedecke von fast 5cm \u00fcber der Landschaft. Die Stra\u00dfen waren gef\u00e4hrlich glatt und es gab auch einige Unf\u00e4lle. Aber so schnell wie der Schnee kam verschwand er auch wieder. Die Sonne kam hervor und der Schnee schmolz dahin. Von Freitag bis Sonntag herrschte tr\u00fcbes Winterwetter. Ab Montag setzte sich ein Hoch durch, der Luftdruck stieg deutlich an. Nachts wurde es mit unter -3\u00b0C recht frostig, aber tags\u00fcber schien die Sonne und trotz H\u00f6chstwerten von nur um die 7\u00b0C gab es schon ein bisschen Vorgeschmack auf den Fr\u00fchling. Am Dienstag lag die Sonnenscheindauer bei \u00fcber 8 Stunden. Mehr Sonne an einem Tag als in mancher Januarwoche insgesamt.<\/p>\n\n\n<p><strong>Ausblick<\/strong><br \/> Bis \u00fcber 12\u00b0C sind f\u00fcr das Wochenende vorhergesagt. Leider soll es dabei meistens wolkig sein und nur wenig Sonnenschein geben. Das Regenrisiko ist aber recht gering. Der Wind soll auffrischen und es kann auch starke B\u00f6en geben. Die N\u00e4chte werden weitgehend frostfrei. In der neuen Woche sollen die Temperaturen dann wieder auf einstellige Werte sinken <\/p>\n","protected":false},"excerpt":{"rendered":"<p>R\u00fcckblick Ziemlich windig war es am Mittwoch. B\u00f6en erreichten ausserorts teilweise Sturmst\u00e4rke. Auf Donnerstag schw\u00e4chte sich der Wind ab, daf\u00fcr<\/p>\n","protected":false},"author":1,"featured_media":0,"comment_status":"open","ping_status":"closed","sticky":false,"template":"","format":"standard","meta":{"footnotes":""},"categories":[21],"tags":[165,216],"class_list":["post-1577","post","type-post","status-publish","format-standard","hentry","category-wetter-der-blog-zu-www-ingersheimwetter-de","tag-schnee","tag-winter"],"_links":{"self":[{"href":"https:\/\/www.bastel-bastel.de\/blog\/index.php\/wp-json\/wp\/v2\/posts\/1577","targetHints":{"allow":["GET"]}}],"collection":[{"href":"https:\/\/www.bastel-bastel.de\/blog\/index.php\/wp-json\/wp\/v2\/posts"}],"about":[{"href":"https:\/\/www.bastel-bastel.de\/blog\/index.php\/wp-json\/wp\/v2\/types\/post"}],"author":[{"embeddable":true,"href":"https:\/\/www.bastel-bastel.de\/blog\/index.php\/wp-json\/wp\/v2\/users\/1"}],"replies":[{"embeddable":true,"href":"https:\/\/www.bastel-bastel.de\/blog\/index.php\/wp-json\/wp\/v2\/comments?post=1577"}],"version-history":[{"count":0,"href":"https:\/\/www.bastel-bastel.de\/blog\/index.php\/wp-json\/wp\/v2\/posts\/1577\/revisions"}],"wp:attachment":[{"href":"https:\/\/www.bastel-bastel.de\/blog\/index.php\/wp-json\/wp\/v2\/media?parent=1577"}],"wp:term":[{"taxonomy":"category","embeddable":true,"href":"https:\/\/www.bastel-bastel.de\/blog\/index.php\/wp-json\/wp\/v2\/categories?post=1577"},{"taxonomy":"post_tag","embeddable":true,"href":"https:\/\/www.bastel-bastel.de\/blog\/index.php\/wp-json\/wp\/v2\/tags?post=1577"}],"curies":[{"name":"wp","href":"https:\/\/api.w.org\/{rel}","templated":true}]}}