{"id":1573,"date":"2019-01-30T12:39:04","date_gmt":"2019-01-30T11:39:04","guid":{"rendered":"https:\/\/www.bastel-bastel.de\/blog\/?p=1573"},"modified":"2019-01-30T12:39:04","modified_gmt":"2019-01-30T11:39:04","slug":"jochens-wetterblog-am-31-1-2019","status":"publish","type":"post","link":"https:\/\/www.bastel-bastel.de\/blog\/index.php\/2019\/01\/30\/jochens-wetterblog-am-31-1-2019\/","title":{"rendered":"Jochens Wetterblog am 31.1.2019"},"content":{"rendered":"\n<div class=\"wp-block-image\"><figure class=\"alignright is-resized\"><img loading=\"lazy\" decoding=\"async\" src=\"https:\/\/www.bastel-bastel.de\/blog\/wp-content\/uploads\/2019\/01\/IMG_20190106_121103-768x1024.jpg\" alt=\"\" class=\"wp-image-1574\" width=\"294\" height=\"391\"\/><\/figure><\/div>\n\n\n<p><strong>R\u00fcckblick<\/strong><br \/> Die zur\u00fcckliegende Woche bot einen wilden Mix aus frostigem Winter, vorfr\u00fchlingshaftem Wetter, ein wenig Sonne und vielen dunklen Wolken. Immer wieder fiel Schnee oder Schneeregen. Mit fast 5 Sonnenstunden bei Tiefstwerten bis -5\u00b0C bot der Mittwoch sch\u00f6nes Winterwetter. Danach wurde es dunkel. Bis Samstag kam die Sonne nicht mehr durch die Wolken. Daf\u00fcr wurde es noch k\u00e4lter. Bei Dauerfrost am Donnerstag lag der Tagesh\u00f6chstwert bei nur -2\u00b0C. Freitag fr\u00fch sank das Thermometer auf unter -7\u00b0C. Am Wochenende wurde es dann deutlich w\u00e4rmer, die Temperaturen stiegen bis \u00fcber 9\u00b0C am Sonntag. Durch Regen auf den durchgefrorenen Boden wurde es dabei am Samstag gef\u00e4hrlich glatt. Am Sonntag zeigte sich die Sonne f\u00fcr 2 Stunden. Ab Montag war es vorbei mit dem fast schon warmen Wetter, die Temperaturen gingen wieder deutlich zur\u00fcck und Dienstag Fr\u00fch lag der Tiefstwert wieder bei -2\u00b0C. Daf\u00fcr kam die Sonne wieder hervor und wurde am Dienstag \u00fcber 5 Stunden von kaum einer Wolke verdeckt.<\/p>\n\n\n<p><\/p>\n\n\n<p><strong>Ausblick<\/strong><br \/> Viele Wolken, kaum Sonne. Die n\u00e4chsten Tage gibt es \u00fcberwiegend tr\u00fcbes Winterwetter. Bei Temperaturen zwischen -4\u00b0C und +5\u00b0C f\u00e4llt ab und zu etwas Regen oder Schnee. Schwache bis m\u00e4\u00dfige B\u00f6en sind angesagt und der Himmel pr\u00e4sentiert sich \u00fcberwiegend grau in grau. Nach dem Wochenende soll auch die n\u00e4chste Woche mit nasskaltem Erk\u00e4ltungswetter starten.<\/p>\n","protected":false},"excerpt":{"rendered":"<p>R\u00fcckblick Die zur\u00fcckliegende Woche bot einen wilden Mix aus frostigem Winter, vorfr\u00fchlingshaftem Wetter, ein wenig Sonne und vielen dunklen Wolken.<\/p>\n","protected":false},"author":1,"featured_media":0,"comment_status":"open","ping_status":"closed","sticky":false,"template":"","format":"standard","meta":{"footnotes":""},"categories":[21],"tags":[95,120,165,216],"class_list":["post-1573","post","type-post","status-publish","format-standard","hentry","category-wetter-der-blog-zu-www-ingersheimwetter-de","tag-frost","tag-kaelte","tag-schnee","tag-winter"],"_links":{"self":[{"href":"https:\/\/www.bastel-bastel.de\/blog\/index.php\/wp-json\/wp\/v2\/posts\/1573","targetHints":{"allow":["GET"]}}],"collection":[{"href":"https:\/\/www.bastel-bastel.de\/blog\/index.php\/wp-json\/wp\/v2\/posts"}],"about":[{"href":"https:\/\/www.bastel-bastel.de\/blog\/index.php\/wp-json\/wp\/v2\/types\/post"}],"author":[{"embeddable":true,"href":"https:\/\/www.bastel-bastel.de\/blog\/index.php\/wp-json\/wp\/v2\/users\/1"}],"replies":[{"embeddable":true,"href":"https:\/\/www.bastel-bastel.de\/blog\/index.php\/wp-json\/wp\/v2\/comments?post=1573"}],"version-history":[{"count":0,"href":"https:\/\/www.bastel-bastel.de\/blog\/index.php\/wp-json\/wp\/v2\/posts\/1573\/revisions"}],"wp:attachment":[{"href":"https:\/\/www.bastel-bastel.de\/blog\/index.php\/wp-json\/wp\/v2\/media?parent=1573"}],"wp:term":[{"taxonomy":"category","embeddable":true,"href":"https:\/\/www.bastel-bastel.de\/blog\/index.php\/wp-json\/wp\/v2\/categories?post=1573"},{"taxonomy":"post_tag","embeddable":true,"href":"https:\/\/www.bastel-bastel.de\/blog\/index.php\/wp-json\/wp\/v2\/tags?post=1573"}],"curies":[{"name":"wp","href":"https:\/\/api.w.org\/{rel}","templated":true}]}}