{"id":1542,"date":"2019-01-23T13:34:22","date_gmt":"2019-01-23T12:34:22","guid":{"rendered":"https:\/\/www.bastel-bastel.de\/blog\/?p=1542"},"modified":"2019-01-23T13:34:22","modified_gmt":"2019-01-23T12:34:22","slug":"jochens-wetterblog-am-24-1-2019","status":"publish","type":"post","link":"https:\/\/www.bastel-bastel.de\/blog\/index.php\/2019\/01\/23\/jochens-wetterblog-am-24-1-2019\/","title":{"rendered":"Jochens Wetterblog am 24.1.2019"},"content":{"rendered":"\n<div class=\"wp-block-image\"><figure class=\"alignright is-resized\"><img loading=\"lazy\" decoding=\"async\" src=\"https:\/\/www.bastel-bastel.de\/blog\/wp-content\/uploads\/2019\/01\/iceman-768x1024.jpg\" alt=\"\" class=\"wp-image-1543\" width=\"307\" height=\"409\"\/><\/figure><\/div>\n\n\n<p><strong>R\u00fcckblick<\/strong><br \/> Die zur\u00fcckliegende Woche war frostig kalt. Die Temperaturen sanken nachts tief in den Eiskeller. Dienstag fr\u00fch lag der Tiefstwert bei -8\u00b0C. Auch tags\u00fcber stiegen die Werte kaum \u00fcber die 0\u00b0C-Grenze. Am Wochenende herrschte sogar Dauerfrost, der Tages-H\u00f6chstwert erreichte am Samstag und Sontag jeweils nur -1\u00b0C. Am Donnerstag gab es ein paar Tropfen Regen, der Rest der Woche blieb niederschlagsfrei. Die Sonne war meistens von Hochnebel und dicken Wolken verdeckt. Am Montag allerdings setzte sie sich durch und es gab herrliches Winterwetter mit satten 8 Sonnenstunden. Am Dienstag lag dann schon wieder ein Nebelschleier vor der Sonne. Die mit der Wetterstation gemessenen Feinstaub-Werte lagen fast die ganze Woche \u00fcber den Grenzwerten.<\/p>\n\n\n<p><strong>Ausblick<\/strong><br \/> Es bleibt kalt. Nachts sollen die Temperaturen bis Freitag  fr\u00fch nochmal auf -6\u00b0C sinken. Tags\u00fcber liegen die Werte nur um den Gefrierpunkt. Am Wochenende wird es nur wenig w\u00e4rmer. F\u00fcr Samstag und  Sonntag ist nasskaltes, regnerisches Wetter angek\u00fcndigt. Das kann dann auf dem gefrorenen Boden f\u00fcr gef\u00e4hrliche Stra\u00dfenverh\u00e4ltnisse sorgen. Die n\u00e4chste Woche bleibt insgesamt weiterhin winterlich kalt.<\/p>\n","protected":false},"excerpt":{"rendered":"<p>R\u00fcckblick Die zur\u00fcckliegende Woche war frostig kalt. Die Temperaturen sanken nachts tief in den Eiskeller. Dienstag fr\u00fch lag der Tiefstwert<\/p>\n","protected":false},"author":1,"featured_media":0,"comment_status":"open","ping_status":"closed","sticky":false,"template":"","format":"standard","meta":{"footnotes":""},"categories":[21],"tags":[76,95,119],"class_list":["post-1542","post","type-post","status-publish","format-standard","hentry","category-wetter-der-blog-zu-www-ingersheimwetter-de","tag-eis","tag-frost","tag-kalt"],"_links":{"self":[{"href":"https:\/\/www.bastel-bastel.de\/blog\/index.php\/wp-json\/wp\/v2\/posts\/1542","targetHints":{"allow":["GET"]}}],"collection":[{"href":"https:\/\/www.bastel-bastel.de\/blog\/index.php\/wp-json\/wp\/v2\/posts"}],"about":[{"href":"https:\/\/www.bastel-bastel.de\/blog\/index.php\/wp-json\/wp\/v2\/types\/post"}],"author":[{"embeddable":true,"href":"https:\/\/www.bastel-bastel.de\/blog\/index.php\/wp-json\/wp\/v2\/users\/1"}],"replies":[{"embeddable":true,"href":"https:\/\/www.bastel-bastel.de\/blog\/index.php\/wp-json\/wp\/v2\/comments?post=1542"}],"version-history":[{"count":0,"href":"https:\/\/www.bastel-bastel.de\/blog\/index.php\/wp-json\/wp\/v2\/posts\/1542\/revisions"}],"wp:attachment":[{"href":"https:\/\/www.bastel-bastel.de\/blog\/index.php\/wp-json\/wp\/v2\/media?parent=1542"}],"wp:term":[{"taxonomy":"category","embeddable":true,"href":"https:\/\/www.bastel-bastel.de\/blog\/index.php\/wp-json\/wp\/v2\/categories?post=1542"},{"taxonomy":"post_tag","embeddable":true,"href":"https:\/\/www.bastel-bastel.de\/blog\/index.php\/wp-json\/wp\/v2\/tags?post=1542"}],"curies":[{"name":"wp","href":"https:\/\/api.w.org\/{rel}","templated":true}]}}