{"id":1475,"date":"2018-12-28T13:24:07","date_gmt":"2018-12-28T12:24:07","guid":{"rendered":"https:\/\/www.bastel-bastel.de\/blog\/?p=1475"},"modified":"2018-12-28T13:24:07","modified_gmt":"2018-12-28T12:24:07","slug":"feinstaubsensor-selber-bauen","status":"publish","type":"post","link":"https:\/\/www.bastel-bastel.de\/blog\/index.php\/2018\/12\/28\/feinstaubsensor-selber-bauen\/","title":{"rendered":"Feinstaubsensor selber bauen"},"content":{"rendered":"\n<p>Glaubt irgendwer noch an Daten von \u00f6ffentlichen Stellen?<\/p>\n\n\n<img loading=\"lazy\" decoding=\"async\" src=\"https:\/\/ssl-vg03.met.vgwort.de\/na\/df893cab1ad6401cacb1a9308c7ec2c3\" alt=\"\" width=\"1\" height=\"1\">\n\n\n<p>Ich nicht. Selber machen heisst die Devise. Daher habe ich mir einen Feinstaubsensor selbst gebastelt. <\/p>\n\n\n<p><strong>Die aktuellen Feinstaub-Daten findest Du immer hier: <\/strong><a href=\"https:\/\/www.bastel-bastel.de\/blog\/?page_id=1284\"><strong>Feinstaub in Ingersheim<\/strong><\/a><\/p>\n\n\n<p><\/p>\n\n\n<p>Das ist \u00fcberhaupt nicht schwer und jeder kann es selber machen. Als Grundlage daf\u00fcr dient das Projekt von luftdaten.info <\/p>\n\n\n<div class=\"wp-block-image\"><figure class=\"alignright is-resized\"><img loading=\"lazy\" decoding=\"async\" src=\"https:\/\/www.bastel-bastel.de\/blog\/wp-content\/uploads\/2018\/12\/IMG_20181228_122656-1024x749.jpg\" alt=\"\" class=\"wp-image-1479\" width=\"336\" height=\"246\"\/><\/figure><\/div>\n\n\n<p>Dabei handelt es sich um ein Projekt des Relalabor der Universit\u00e4t Stuttgart bei dem jeder mitmachen kann. Eine feine Sache wie ich finde. <\/p>\n\n\n<p>Alles was man ben\u00f6tigt findet man auf luftdaten.info. <\/p>\n\n\n<p>Links zu den ben\u00f6tigten Bauteilen, Software, Anleitung, usw. Absolut easy und Anf\u00e4ngertauglich. Nicht mal L\u00f6ten muss man. Nur zusammenstecken, einen Arduino flashen (auch ganz einfach und gut erkl\u00e4rt), in ein Geh\u00e4use stecken, Platz im Garten suchen, loslegen.<\/p>\n\n\n<p><br \/><\/p>\n\n\n<p>Mittlerweile gibt es f\u00fcr die Bauteile sogar Bezugsquellen in Deutschland. Man muss also nicht mehr direkt in China bestellen sondern bekommt alles mit kleinem Aufpreis auch direkt hier im Land. <\/p>\n\n\n<p>Das Projekt hatte ich schon l\u00e4ngere Zeit im Auge, der letzte Ansporn war allerdings der Kauf unseres Elektroautos Huyundai Kona. Da gibt es f\u00fcr gewerblich genutzte  Fahrzeuge aktuell die M\u00f6glichkeit, einen Zuschuss vom Land zu beantragen. Den sogenannten BW E-Gutschein. Dabei habe ich mich gefragt, warum es in der Nachbargemeinde mehr Zuschuss gibt als bei uns. Ist bei denen wirklich die Luft dreckiger?  So genau weiss das niemand, denn es gibt gar keine Luftmess-Station!<\/p>\n\n\n<p>In Pleidelsheim und Ingersheim standen vor einiger Zeit Me\u00dfstationen, diese wurden aber abgebaut! Ob es in Pleidelsheim noch eine an einem anderen Standort gibt weiss ich nicht, in Ingersheim wird definitiv nicht mehr gemessen. Aktuelle Werte werden gesch\u00e4tzt und errechnet! Nicht wahr oder!?!<\/p>\n\n\n<p><strong>Daher messe ich jetzt selbst.<\/strong><\/p>\n\n\n<p>Nach diesem Motivationsschub habe ich mir die n\u00f6tige Hardware bestellt.<\/p>\n\n\n<p>Geflasht und zusammengebaut war das Teil in weniger als 30 Minuten.<\/p>\n\n\n<div class=\"wp-block-image\"><figure class=\"alignright is-resized\"><img loading=\"lazy\" decoding=\"async\" src=\"https:\/\/www.bastel-bastel.de\/blog\/wp-content\/uploads\/2018\/12\/IMG_20181228_122709-1024x635.jpg\" alt=\"\" class=\"wp-image-1481\" width=\"370\" height=\"229\"\/><\/figure><\/div>\n\n\n<p>Das Geh\u00e4use war etwas aufw\u00e4ndiger da mir die Originall\u00f6sung mit den Rohrbogen nicht gef\u00e4llt. Ich habe mich f\u00fcr ein kleines Elektro-Verteilergeh\u00e4use entschieden, das gab es bei Conrad Elektronic f\u00fcr kleine 6,69 Euro (Wiska 10060531 Abzweigkasten 110x110x66mm).<\/p>\n\n\n<p>F\u00fcr die Kabeldurchf\u00fchrung und die L\u00fcftungs\u00f6ffnung (das Ger\u00e4t muss ja schliesslich Luft ansaugen) habe ich etwas gr\u00f6\u00dfere Kabeldurchgangs-Schrauben verwendet. diese sind von innen mit Fliegengitter gegen Insekten gesch\u00fctzt. <\/p>\n\n\n<div class=\"wp-block-image\"><figure class=\"alignright is-resized\"><img loading=\"lazy\" decoding=\"async\" src=\"https:\/\/www.bastel-bastel.de\/blog\/wp-content\/uploads\/2018\/12\/IMG_20181228_122717-1024x677.jpg\" alt=\"\" class=\"wp-image-1482\" width=\"372\" height=\"246\"\/><\/figure><\/div>\n\n\n<p>Durch eine \u00d6ffnung wird die Luft angesaugt, durch die andere \u00d6ffnung geht das USB-Kabel nach draussen. F\u00fcr den Druckausgleich ist hier ebenfalls eine \u00d6ffnung, das Kabel darf nicht dicht eingeschlossen werden. Bei der Montage wird diese \u00d6ffnung sp\u00e4ter nach unten zeigen und dient gleichzeitig auch der Entw\u00e4sserung. Ich gehe zwar davon aus, da\u00df niemals Wasser in das Geh\u00e4use eindringen wird, aber man weiss ja nie, ob nicht Kondenswasser oder \u00e4hnliches entstehen k\u00f6nnen.<\/p>\n\n\n<p>Das verwendete USB-Netzteil ist ein normales Ger\u00e4t das NICHT outdoor-tauglich ist. Hier muss ich mir noch etwas \u00fcberlegen. Das reicht aber im Fr\u00fchjahr noch wenn der Sensor an seiner endg\u00fcltigen Position montiert wird. Bis dahin liegt er wettergesch\u00fctzt auf der Terasse.<\/p>\n\n\n<p>Die Messdaten werden vom Sensor direkt an das Mess-Netzwerk von luftdaten.info geschickt. Dort werden die Daten in eine interaktive Landkarte eingeblendet. Mittlerweile ist dort ein recht gro\u00dfer Bereich abgedeckt, die <a href=\"http:\/\/deutschland.maps.luftdaten.info\/#13\/48.9487\/9.1667\">Luftdaten-Karte mit Ingersheim als Zentrum findet man mit Klick auf diesen Text.<\/a><br \/><\/p>\n\n\n<p>Zus\u00e4tzlich gibt es noch eine Luftdaten-Ampel die die Qualit\u00e4t der Luft als Ampel anzeigt:<\/p>\n\n\n<p>Gr\u00fcn: gute Luft, <br \/><br \/>Gelb: leichte Belastung<\/p>\n\n\n<p>Rot: Hohe Feinstaubbelastung<\/p>\n\n\n<p>Hier die aktuellen Daten f\u00fcr Ingersheim:<\/p>\n\n<p>[feinstaubampel title=&#8220;&#8220; sensorIDs=&#8220;19679&#8243;]<\/p>\n\n<p>[feinstaublive title=&#8220;&#8220; sensorIDs=&#8220;19679&#8243;]<\/p>\n\n\n<h3 class=\"wp-block-heading\">Nachbesserung<\/h3>\n\n\n<p>Wer misst misst Mist. Und wer Bastelt macht auch mal Fehler. Das von mir ausgew\u00e4hlte System war wohl etwas zu dicht, anscheinend wurde nur wenig Aussenluft angesaugt, daf\u00fcr auch saubere Luft im Geh\u00e4use beigemischt. Jedenfalls kann man an der folgenden Kurve gut sehen da\u00df die Werte nach Einbau in das Geh\u00e4use rapide abgesunken sind (Fr 11.00 habe ich das Geh\u00e4use zusammengeschraubt) und am n\u00e4chsten Tag als ich einfach mal die Verschraubung gel\u00f6st habe (Sa. 8:30) sieht man wie die Werte gleich wieder erheblich ansteigen. Man sieht hier deutlich da\u00df ein Fehler in der Konstruktion erhebliche Auswirkungen auf das Messergebnis haben kann!<\/p>\n\n\n<figure class=\"wp-block-image\"><img decoding=\"async\" src=\"https:\/\/www.bastel-bastel.de\/blog\/wp-content\/uploads\/2018\/12\/feinstaub-fehler.png\" alt=\"\" class=\"wp-image-1497\"\/><figcaption>Fehlmessung wegen zu dichtem Geh\u00e4use<\/figcaption><\/figure>\n\n\n<p>Da habe ich leider etwas falsch konstruiert. F\u00fcr eine bessere L\u00f6sung habe ich jetzt ein Teesieb geopfert und den Sensor wie in der Original-Anleitung in 2 HT70-Rohrbogen verbaut. Das Teesieb passt genau auf die \u00d6ffnung der Rohrb\u00f6gen, besteht aus 2 verschraubten Teilen und ist damit perfekt als Insektenschutz geeignet.<\/p>\n\n\n<p>Mit Hei\u00dfkleber sieht das zwar nicht ganz so professionell aus, h\u00e4lt aber ganz gut.<\/p>\n\n\n<p>Die \u00fcberstehenden Kleberreste kann man noch entfernen, aber das mache ich wenn das Teil an seiner endg\u00fcltigen Position montiert wird und wenn das Thermometer aus dem Frostbereich kommt.<\/p>\n\n\n<figure class=\"wp-block-image\"><img decoding=\"async\" src=\"https:\/\/www.bastel-bastel.de\/blog\/wp-content\/uploads\/2018\/12\/IMG_20181229_123051-1024x697.jpg\" alt=\"\" class=\"wp-image-1501\"\/><figcaption>selbstgebauter Feinstaubsensor f\u00fcr luftdaten.info<\/figcaption><\/figure>\n\n\n<p>Im Bild wird links die Luft angesaugt, rechts ist die Druckausgleichs\u00f6ffnung.<\/p>\n\n\n<p><a href=\"https:\/\/www.bastel-bastel.de\/blog\/?page_id=1284\">Die aktuellen Messwerte werden hier angezeigt: Feinstaubmessung in Ingersheim.<\/a><\/p>\n\n\n<p><\/p>\n\n\n<h2 class=\"wp-block-heading\"><br \/><\/h2>\n","protected":false},"excerpt":{"rendered":"<p>Glaubt irgendwer noch an Daten von \u00f6ffentlichen Stellen? Ich nicht. Selber machen heisst die Devise. Daher habe ich mir einen<\/p>\n","protected":false},"author":1,"featured_media":0,"comment_status":"open","ping_status":"closed","sticky":false,"template":"","format":"standard","meta":{"footnotes":""},"categories":[5,6,21],"tags":[31,68,86,132],"class_list":["post-1475","post","type-post","status-publish","format-standard","hentry","category-energie","category-garten","category-wetter-der-blog-zu-www-ingersheimwetter-de","tag-abgase","tag-dreck","tag-feinstaub","tag-luft"],"_links":{"self":[{"href":"https:\/\/www.bastel-bastel.de\/blog\/index.php\/wp-json\/wp\/v2\/posts\/1475","targetHints":{"allow":["GET"]}}],"collection":[{"href":"https:\/\/www.bastel-bastel.de\/blog\/index.php\/wp-json\/wp\/v2\/posts"}],"about":[{"href":"https:\/\/www.bastel-bastel.de\/blog\/index.php\/wp-json\/wp\/v2\/types\/post"}],"author":[{"embeddable":true,"href":"https:\/\/www.bastel-bastel.de\/blog\/index.php\/wp-json\/wp\/v2\/users\/1"}],"replies":[{"embeddable":true,"href":"https:\/\/www.bastel-bastel.de\/blog\/index.php\/wp-json\/wp\/v2\/comments?post=1475"}],"version-history":[{"count":0,"href":"https:\/\/www.bastel-bastel.de\/blog\/index.php\/wp-json\/wp\/v2\/posts\/1475\/revisions"}],"wp:attachment":[{"href":"https:\/\/www.bastel-bastel.de\/blog\/index.php\/wp-json\/wp\/v2\/media?parent=1475"}],"wp:term":[{"taxonomy":"category","embeddable":true,"href":"https:\/\/www.bastel-bastel.de\/blog\/index.php\/wp-json\/wp\/v2\/categories?post=1475"},{"taxonomy":"post_tag","embeddable":true,"href":"https:\/\/www.bastel-bastel.de\/blog\/index.php\/wp-json\/wp\/v2\/tags?post=1475"}],"curies":[{"name":"wp","href":"https:\/\/api.w.org\/{rel}","templated":true}]}}