{"id":13150,"date":"2026-09-04T08:51:58","date_gmt":"2026-09-04T06:51:58","guid":{"rendered":"https:\/\/www.bastel-bastel.de\/blog\/?p=13150"},"modified":"2026-09-04T08:51:59","modified_gmt":"2026-09-04T06:51:59","slug":"jochens-wetterblog-am-3-9-2026","status":"publish","type":"post","link":"https:\/\/www.bastel-bastel.de\/blog\/index.php\/2026\/09\/04\/jochens-wetterblog-am-3-9-2026\/","title":{"rendered":"Jochens Wetterblog am 3.9.2026"},"content":{"rendered":"\n<figure class=\"wp-block-image size-large\"><img loading=\"lazy\" decoding=\"async\" width=\"771\" height=\"1024\" src=\"https:\/\/www.bastel-bastel.de\/blog\/wp-content\/uploads\/2026\/09\/20260902_wetter-771x1024.jpg\" alt=\"\" class=\"wp-image-13151\" srcset=\"https:\/\/www.bastel-bastel.de\/blog\/wp-content\/uploads\/2026\/09\/20260902_wetter-771x1024.jpg 771w, https:\/\/www.bastel-bastel.de\/blog\/wp-content\/uploads\/2026\/09\/20260902_wetter-226x300.jpg 226w, https:\/\/www.bastel-bastel.de\/blog\/wp-content\/uploads\/2026\/09\/20260902_wetter-768x1020.jpg 768w, https:\/\/www.bastel-bastel.de\/blog\/wp-content\/uploads\/2026\/09\/20260902_wetter-1156x1536.jpg 1156w, https:\/\/www.bastel-bastel.de\/blog\/wp-content\/uploads\/2026\/09\/20260902_wetter.jpg 1200w\" sizes=\"auto, (max-width: 771px) 100vw, 771px\" \/><\/figure>\n\n\n\n<p class=\"wp-block-paragraph\"><strong>R\u00fcckblick<\/strong><\/p>\n\n\n\n<p class=\"wp-block-paragraph\">Ein m\u00e4chtiges Unwetter ist \u00fcber uns hinweggefegt.<br>Am 28.8. gegen 5:30 Uhr zog ein Gewitter auf.<br>Der Himmel wurde von einer extremen Anzahl an Blitzen erhellt. Es\u00a0flackerte, wie in einer Disco.<br>Um 5:40 Uhr schlug der Blitz in unmittelbarer N\u00e4he ein. Blitz und Donner\u00a0gleichzeitig.<br>Dann begann ein Hagelsturm.<br>Wie Geschosse zerschlugen die Hagelk\u00f6rner Roll\u00e4den, Sichtschutzz\u00e4une und\u00a0teilweise auch Fenster.<br>R\u00f6hrenkollektoren zerbarsten, von Fassaden wurde Putz und Farbe\u00a0abgeschlagen. D\u00e4cher besch\u00e4digt, oder abgedeckt.<br>So etwas gab es in Ingersheim in den letzten mindestens 50 Jahren nicht.<br>In k\u00fcrzester Zeit waren viele Pflanzen zerfetzt. \u00c4pfel, Trauben,\u00a0Tomaten, Bl\u00e4tter, alles weg. T\u00f6pfe und Deko durchl\u00f6chert. B\u00e4ume wurden umgerissen, Autos und H\u00e4user besch\u00e4digt.<br>\u00dcber 40l\/qm Niederschlag sorgten f\u00fcr einige \u00dcbeschwemmungen.<br>Der Wind wehte in der Ortsmitte bis \u00fcber 78 km\/h, an exponierten Stellen\u00a0auch heftiger.<br>Der Rest der Woche herrschte ganz normales Sommerwetter.<br>Der August war 5 Grad w\u00e4rmer, als \u00fcblich.<br>Er war extrem trocken, nur das Unwetter am Freitag sorgte daf\u00fcr, dass\u00a0die Niederschlags-Statistik &#8222;normal&#8220; aussieht.<\/p>\n\n\n\n<p class=\"wp-block-paragraph\"><strong>Ausblick<\/strong><br>Die n\u00e4chsten Tage werden wechselhaft.<br>Ein Mix aus Sonne und Wolken. Sommerliche Temperaturen bis 29 \u00b0C am\u00a0Freitag. F\u00fcr Samstag ist Regen angek\u00fcndigt, ansonsten soll es trocken\u00a0bleiben.<br>In den Morgenstunden kann es Nebel geben, es geht mit gro\u00dfen Schritten\u00a0Richtung Herbst.<\/p>\n\n\n\n<p class=\"wp-block-paragraph\"><\/p>\n","protected":false},"excerpt":{"rendered":"<p>R\u00fcckblick Ein m\u00e4chtiges Unwetter ist \u00fcber uns hinweggefegt.Am 28.8. gegen 5:30 Uhr zog ein Gewitter auf.Der Himmel wurde von einer<\/p>\n","protected":false},"author":1,"featured_media":0,"comment_status":"open","ping_status":"closed","sticky":false,"template":"","format":"standard","meta":{"footnotes":""},"categories":[21],"tags":[],"class_list":["post-13150","post","type-post","status-publish","format-standard","hentry","category-wetter-der-blog-zu-www-ingersheimwetter-de"],"_links":{"self":[{"href":"https:\/\/www.bastel-bastel.de\/blog\/index.php\/wp-json\/wp\/v2\/posts\/13150","targetHints":{"allow":["GET"]}}],"collection":[{"href":"https:\/\/www.bastel-bastel.de\/blog\/index.php\/wp-json\/wp\/v2\/posts"}],"about":[{"href":"https:\/\/www.bastel-bastel.de\/blog\/index.php\/wp-json\/wp\/v2\/types\/post"}],"author":[{"embeddable":true,"href":"https:\/\/www.bastel-bastel.de\/blog\/index.php\/wp-json\/wp\/v2\/users\/1"}],"replies":[{"embeddable":true,"href":"https:\/\/www.bastel-bastel.de\/blog\/index.php\/wp-json\/wp\/v2\/comments?post=13150"}],"version-history":[{"count":1,"href":"https:\/\/www.bastel-bastel.de\/blog\/index.php\/wp-json\/wp\/v2\/posts\/13150\/revisions"}],"predecessor-version":[{"id":13152,"href":"https:\/\/www.bastel-bastel.de\/blog\/index.php\/wp-json\/wp\/v2\/posts\/13150\/revisions\/13152"}],"wp:attachment":[{"href":"https:\/\/www.bastel-bastel.de\/blog\/index.php\/wp-json\/wp\/v2\/media?parent=13150"}],"wp:term":[{"taxonomy":"category","embeddable":true,"href":"https:\/\/www.bastel-bastel.de\/blog\/index.php\/wp-json\/wp\/v2\/categories?post=13150"},{"taxonomy":"post_tag","embeddable":true,"href":"https:\/\/www.bastel-bastel.de\/blog\/index.php\/wp-json\/wp\/v2\/tags?post=13150"}],"curies":[{"name":"wp","href":"https:\/\/api.w.org\/{rel}","templated":true}]}}