{"id":12694,"date":"2026-04-29T12:14:37","date_gmt":"2026-04-29T10:14:37","guid":{"rendered":"https:\/\/www.bastel-bastel.de\/blog\/?p=12694"},"modified":"2026-04-29T12:14:38","modified_gmt":"2026-04-29T10:14:38","slug":"jochens-wetterblog-am-30-4-2026","status":"publish","type":"post","link":"https:\/\/www.bastel-bastel.de\/blog\/index.php\/2026\/04\/29\/jochens-wetterblog-am-30-4-2026\/","title":{"rendered":"Jochens Wetterblog am 30.4.2026"},"content":{"rendered":"\n<figure class=\"wp-block-image size-large\"><img loading=\"lazy\" decoding=\"async\" width=\"768\" height=\"1024\" src=\"https:\/\/www.bastel-bastel.de\/blog\/wp-content\/uploads\/2021\/04\/IMG_4606-768x1024.jpg\" alt=\"\" class=\"wp-image-4592\" srcset=\"https:\/\/www.bastel-bastel.de\/blog\/wp-content\/uploads\/2021\/04\/IMG_4606-768x1024.jpg 768w, https:\/\/www.bastel-bastel.de\/blog\/wp-content\/uploads\/2021\/04\/IMG_4606-225x300.jpg 225w, https:\/\/www.bastel-bastel.de\/blog\/wp-content\/uploads\/2021\/04\/IMG_4606-1152x1536.jpg 1152w, https:\/\/www.bastel-bastel.de\/blog\/wp-content\/uploads\/2021\/04\/IMG_4606.jpg 1500w\" sizes=\"auto, (max-width: 768px) 100vw, 768px\" \/><\/figure>\n\n\n\n<p><strong>R\u00fcckblick<\/strong><br>Fast schon sommerliches Wetter.<br>Am Dienstag wurde die 25 \u00b0C-Marke \u00fcberschritten und auch die anderen Tage waren angenehm warm.<br>Die N\u00e4chte sind allerdings noch ziemlich frisch. Mit nur knapp 1 \u00b0C war es am Donnerstag fr\u00fch am k\u00e4ltesten.<br>Niederschlag gab es, abgesehen von ein paar Tropfen am Mittwoch, die ganze Woche nicht.<br>Der April hatte bisher gerade mal 1 Tag mit mehr als 2l\/qm.<br>Insgesamt sind kaum 20 % des Monats-Solls gefallen.<br>Daf\u00fcr gab es Sonne satt!<br>Rekordverd\u00e4chtige 81 Sonnenstunden.<br>Viel mehr geht beim aktuellen Sonnenstand im April nicht.<br>T\u00e4glich 12 Stunden Sonnenschein, nur am Dienstag zogen ein paar Schleierwolken vorbei.<br>Dabei sah es nach Regen aus, blieb aber trocken.<br>Der Wind war immer leicht zu sp\u00fcren, war aber insgesamt nicht \u00fcberm\u00e4\u00dfig kr\u00e4ftig.<br>In B\u00f6en wurden bis 38 km\/h erreicht.<\/p>\n\n\n\n<p><strong>Ausblick<\/strong><\/p>\n\n\n\n<p>Bis Freitag bleibt es sonnig. Zum Wochenende ziehen dann immer mehr Wolken auf.<br>Die Temperaturen sollen am Samstag 25 \u00b0C erreichen. Nachts k\u00fchlt es auf Werte um 5 \u00b0C ab.<br>Niederschlag ist nicht in Sicht.<\/p>\n","protected":false},"excerpt":{"rendered":"<p>R\u00fcckblickFast schon sommerliches Wetter.Am Dienstag wurde die 25 \u00b0C-Marke \u00fcberschritten und auch die anderen Tage waren angenehm warm.Die N\u00e4chte sind<\/p>\n","protected":false},"author":1,"featured_media":0,"comment_status":"open","ping_status":"closed","sticky":false,"template":"","format":"standard","meta":{"footnotes":""},"categories":[21],"tags":[],"class_list":["post-12694","post","type-post","status-publish","format-standard","hentry","category-wetter-der-blog-zu-www-ingersheimwetter-de"],"_links":{"self":[{"href":"https:\/\/www.bastel-bastel.de\/blog\/index.php\/wp-json\/wp\/v2\/posts\/12694","targetHints":{"allow":["GET"]}}],"collection":[{"href":"https:\/\/www.bastel-bastel.de\/blog\/index.php\/wp-json\/wp\/v2\/posts"}],"about":[{"href":"https:\/\/www.bastel-bastel.de\/blog\/index.php\/wp-json\/wp\/v2\/types\/post"}],"author":[{"embeddable":true,"href":"https:\/\/www.bastel-bastel.de\/blog\/index.php\/wp-json\/wp\/v2\/users\/1"}],"replies":[{"embeddable":true,"href":"https:\/\/www.bastel-bastel.de\/blog\/index.php\/wp-json\/wp\/v2\/comments?post=12694"}],"version-history":[{"count":2,"href":"https:\/\/www.bastel-bastel.de\/blog\/index.php\/wp-json\/wp\/v2\/posts\/12694\/revisions"}],"predecessor-version":[{"id":12696,"href":"https:\/\/www.bastel-bastel.de\/blog\/index.php\/wp-json\/wp\/v2\/posts\/12694\/revisions\/12696"}],"wp:attachment":[{"href":"https:\/\/www.bastel-bastel.de\/blog\/index.php\/wp-json\/wp\/v2\/media?parent=12694"}],"wp:term":[{"taxonomy":"category","embeddable":true,"href":"https:\/\/www.bastel-bastel.de\/blog\/index.php\/wp-json\/wp\/v2\/categories?post=12694"},{"taxonomy":"post_tag","embeddable":true,"href":"https:\/\/www.bastel-bastel.de\/blog\/index.php\/wp-json\/wp\/v2\/tags?post=12694"}],"curies":[{"name":"wp","href":"https:\/\/api.w.org\/{rel}","templated":true}]}}