{"id":12692,"date":"2026-04-26T10:18:30","date_gmt":"2026-04-26T08:18:30","guid":{"rendered":"https:\/\/www.bastel-bastel.de\/blog\/?p=12692"},"modified":"2026-04-26T10:18:30","modified_gmt":"2026-04-26T08:18:30","slug":"jochens-wetterblog-am-23-4-2026","status":"publish","type":"post","link":"https:\/\/www.bastel-bastel.de\/blog\/index.php\/2026\/04\/26\/jochens-wetterblog-am-23-4-2026\/","title":{"rendered":"Jochens Wetterblog am 23.4.2026"},"content":{"rendered":"\n<figure class=\"wp-block-image size-large\"><img loading=\"lazy\" decoding=\"async\" width=\"793\" height=\"1024\" src=\"https:\/\/www.bastel-bastel.de\/blog\/wp-content\/uploads\/2021\/10\/DSC04454-793x1024.jpg\" alt=\"\" class=\"wp-image-5174\" srcset=\"https:\/\/www.bastel-bastel.de\/blog\/wp-content\/uploads\/2021\/10\/DSC04454-793x1024.jpg 793w, https:\/\/www.bastel-bastel.de\/blog\/wp-content\/uploads\/2021\/10\/DSC04454-232x300.jpg 232w, https:\/\/www.bastel-bastel.de\/blog\/wp-content\/uploads\/2021\/10\/DSC04454-768x992.jpg 768w, https:\/\/www.bastel-bastel.de\/blog\/wp-content\/uploads\/2021\/10\/DSC04454-1189x1536.jpg 1189w, https:\/\/www.bastel-bastel.de\/blog\/wp-content\/uploads\/2021\/10\/DSC04454.jpg 1548w\" sizes=\"auto, (max-width: 793px) 100vw, 793px\" \/><\/figure>\n\n\n\n<p><strong>R\u00fcckblick<\/strong><\/p>\n\n\n\n<p>K\u00fchle N\u00e4chte und die ersten Sommertage!<br>Am Freitag stiegen die Temperaturen das erste Mal in diesem Jahr \u00fcber\u00a0die 25 \u00b0C-Marke.<br>Auch am Samstag wurden 25 \u00b0C erreicht. Damit gab es in der letzten Woche\u00a0die ersten Sommertage der Saison.<br>Die N\u00e4chte waren dagegen noch ziemlich k\u00fchl. Am Dienstag fr\u00fch zeigte das\u00a0Thermometer weniger als 2 \u00b0C an.<br>Das Wetter war insgesamt durchwachsen.<br>Ein Mix aus Sonne und Wolken pr\u00e4sentierte sich am Himmel.<br>Dabei gab es am Freitag \u00fcber 10 Sonnenstunden, w\u00e4rend es am Montag nur 3\u00a0Stunden waren.<br>Mit 45 Sonnenstunden war die Gesamtwoche aber recht freundlich.<br>Am Dienstag fiel etwas Regen. Dieser sorgte zusammen mit Bl\u00fctenstaub und\u00a0Saharastaub \u00fcberall f\u00fcr schmutzige Oberfl\u00e4chen. Der April ist bisher\u00a0deutlich zu trocken.<br>Von Sonntag bis Dienstag wehte ein frischer Wind immer wieder\u00a0<br>Bl\u00fctenbl\u00e4tter von den B\u00e4umen. Das sah teilweise aus, wie Schnee.<\/p>\n\n\n\n<p><strong>Ausblick<\/strong><br>Tags\u00fcber viel Sonne und Temperaturen bis an die 20\u00b0C. Die N\u00e4chte werden\u00a0kalt. Tiefstwerte um 3 \u00b0C sind angek\u00fcndigt.<br>Niederschlag ist nicht vorhergesagt. Es soll starken Pollenflug geben,\u00a0vor allem Birke, Buche, Eiche und langsam geht es auch mit den Gr\u00e4sern los.<\/p>\n","protected":false},"excerpt":{"rendered":"<p>R\u00fcckblick K\u00fchle N\u00e4chte und die ersten Sommertage!Am Freitag stiegen die Temperaturen das erste Mal in diesem Jahr \u00fcber\u00a0die 25 \u00b0C-Marke.Auch<\/p>\n","protected":false},"author":1,"featured_media":0,"comment_status":"open","ping_status":"closed","sticky":false,"template":"","format":"standard","meta":{"footnotes":""},"categories":[21],"tags":[],"class_list":["post-12692","post","type-post","status-publish","format-standard","hentry","category-wetter-der-blog-zu-www-ingersheimwetter-de"],"_links":{"self":[{"href":"https:\/\/www.bastel-bastel.de\/blog\/index.php\/wp-json\/wp\/v2\/posts\/12692","targetHints":{"allow":["GET"]}}],"collection":[{"href":"https:\/\/www.bastel-bastel.de\/blog\/index.php\/wp-json\/wp\/v2\/posts"}],"about":[{"href":"https:\/\/www.bastel-bastel.de\/blog\/index.php\/wp-json\/wp\/v2\/types\/post"}],"author":[{"embeddable":true,"href":"https:\/\/www.bastel-bastel.de\/blog\/index.php\/wp-json\/wp\/v2\/users\/1"}],"replies":[{"embeddable":true,"href":"https:\/\/www.bastel-bastel.de\/blog\/index.php\/wp-json\/wp\/v2\/comments?post=12692"}],"version-history":[{"count":1,"href":"https:\/\/www.bastel-bastel.de\/blog\/index.php\/wp-json\/wp\/v2\/posts\/12692\/revisions"}],"predecessor-version":[{"id":12693,"href":"https:\/\/www.bastel-bastel.de\/blog\/index.php\/wp-json\/wp\/v2\/posts\/12692\/revisions\/12693"}],"wp:attachment":[{"href":"https:\/\/www.bastel-bastel.de\/blog\/index.php\/wp-json\/wp\/v2\/media?parent=12692"}],"wp:term":[{"taxonomy":"category","embeddable":true,"href":"https:\/\/www.bastel-bastel.de\/blog\/index.php\/wp-json\/wp\/v2\/categories?post=12692"},{"taxonomy":"post_tag","embeddable":true,"href":"https:\/\/www.bastel-bastel.de\/blog\/index.php\/wp-json\/wp\/v2\/tags?post=12692"}],"curies":[{"name":"wp","href":"https:\/\/api.w.org\/{rel}","templated":true}]}}