{"id":12669,"date":"2026-03-12T14:47:52","date_gmt":"2026-03-12T13:47:52","guid":{"rendered":"https:\/\/www.bastel-bastel.de\/blog\/?p=12669"},"modified":"2026-03-12T14:47:53","modified_gmt":"2026-03-12T13:47:53","slug":"jochens-wetterblog-am-5-3-2026","status":"publish","type":"post","link":"https:\/\/www.bastel-bastel.de\/blog\/index.php\/2026\/03\/12\/jochens-wetterblog-am-5-3-2026\/","title":{"rendered":"Jochens Wetterblog am 5.3.2026"},"content":{"rendered":"\n<figure class=\"wp-block-image size-large\"><img loading=\"lazy\" decoding=\"async\" width=\"771\" height=\"1024\" src=\"https:\/\/www.bastel-bastel.de\/blog\/wp-content\/uploads\/2025\/03\/PXL_20250308_1132370402-771x1024.jpg\" alt=\"\" class=\"wp-image-12210\" srcset=\"https:\/\/www.bastel-bastel.de\/blog\/wp-content\/uploads\/2025\/03\/PXL_20250308_1132370402-771x1024.jpg 771w, https:\/\/www.bastel-bastel.de\/blog\/wp-content\/uploads\/2025\/03\/PXL_20250308_1132370402-226x300.jpg 226w, https:\/\/www.bastel-bastel.de\/blog\/wp-content\/uploads\/2025\/03\/PXL_20250308_1132370402-768x1019.jpg 768w, https:\/\/www.bastel-bastel.de\/blog\/wp-content\/uploads\/2025\/03\/PXL_20250308_1132370402.jpg 904w\" sizes=\"auto, (max-width: 771px) 100vw, 771px\" \/><\/figure>\n\n\n\n<p><strong>R\u00fcckblick<\/strong><\/p>\n\n\n\n<p>Fr\u00fchsommerliches Wetter im Februar.<br>Am Freitag zeigte das Thermometer knapp 23 \u00b0C. Dabei ist eigentlich noch\u00a0Winter.<br>Die anderen Tage lagen ebenfalls deutlich im zweistelligen Bereich.<br>Viel zu warm, f\u00fcr die Jahreszeit.<br>Der Februar hat sich dann auch mehr als 4 Grad \u00fcber Normal verabschiedet.<br>Die letzten Tage begannen mit Nebel bei ziemlich k\u00fchlen Temperaturen\u00a0zwischen 0 \u00b0C und 5 \u00b0C.<br>Sobald sich die Sonne durchgesetzt hatte, wurde es aber fr\u00fchlingshaft\u00a0sch\u00f6n, mit Sonnenschein bis zum Abend.<br>Insgesamt gab es in der zur\u00fcckliegenden Woche 46 Sonnenstunden.<br>Niederschlag fiel diese Woche nicht.<br>Der Wind war \u00fcberwiegend schwach, nur am Samstag gab es B\u00f6en bis \u00fcber 41\u00a0km\/h<\/p>\n\n\n\n<p><strong>Ausblick<\/strong><\/p>\n\n\n\n<p>Das stabile Hochdruckwetter bleibt. Nachts k\u00fchlt es auf Werte um 0 \u00b0C\u00a0ab. <br>Bis zum Morgen bildet sich Nebel. Die Sonne l\u00f6st diesen aber im\u00a0Tagesverlauf schnell auf. <br>Dann gibt es Sonne und Temperaturen bis \u00fcber\u00a018 \u00b0C.<\/p>\n","protected":false},"excerpt":{"rendered":"<p>R\u00fcckblick Fr\u00fchsommerliches Wetter im Februar.Am Freitag zeigte das Thermometer knapp 23 \u00b0C. Dabei ist eigentlich noch\u00a0Winter.Die anderen Tage lagen ebenfalls<\/p>\n","protected":false},"author":1,"featured_media":0,"comment_status":"open","ping_status":"","sticky":false,"template":"","format":"standard","meta":{"footnotes":""},"categories":[21],"tags":[],"class_list":["post-12669","post","type-post","status-publish","format-standard","hentry","category-wetter-der-blog-zu-www-ingersheimwetter-de"],"_links":{"self":[{"href":"https:\/\/www.bastel-bastel.de\/blog\/index.php\/wp-json\/wp\/v2\/posts\/12669","targetHints":{"allow":["GET"]}}],"collection":[{"href":"https:\/\/www.bastel-bastel.de\/blog\/index.php\/wp-json\/wp\/v2\/posts"}],"about":[{"href":"https:\/\/www.bastel-bastel.de\/blog\/index.php\/wp-json\/wp\/v2\/types\/post"}],"author":[{"embeddable":true,"href":"https:\/\/www.bastel-bastel.de\/blog\/index.php\/wp-json\/wp\/v2\/users\/1"}],"replies":[{"embeddable":true,"href":"https:\/\/www.bastel-bastel.de\/blog\/index.php\/wp-json\/wp\/v2\/comments?post=12669"}],"version-history":[{"count":1,"href":"https:\/\/www.bastel-bastel.de\/blog\/index.php\/wp-json\/wp\/v2\/posts\/12669\/revisions"}],"predecessor-version":[{"id":12670,"href":"https:\/\/www.bastel-bastel.de\/blog\/index.php\/wp-json\/wp\/v2\/posts\/12669\/revisions\/12670"}],"wp:attachment":[{"href":"https:\/\/www.bastel-bastel.de\/blog\/index.php\/wp-json\/wp\/v2\/media?parent=12669"}],"wp:term":[{"taxonomy":"category","embeddable":true,"href":"https:\/\/www.bastel-bastel.de\/blog\/index.php\/wp-json\/wp\/v2\/categories?post=12669"},{"taxonomy":"post_tag","embeddable":true,"href":"https:\/\/www.bastel-bastel.de\/blog\/index.php\/wp-json\/wp\/v2\/tags?post=12669"}],"curies":[{"name":"wp","href":"https:\/\/api.w.org\/{rel}","templated":true}]}}