{"id":12632,"date":"2026-01-29T14:35:05","date_gmt":"2026-01-29T13:35:05","guid":{"rendered":"https:\/\/www.bastel-bastel.de\/blog\/?p=12632"},"modified":"2026-01-29T14:35:05","modified_gmt":"2026-01-29T13:35:05","slug":"jochens-wetterblog-am-29-1-2026","status":"publish","type":"post","link":"https:\/\/www.bastel-bastel.de\/blog\/index.php\/2026\/01\/29\/jochens-wetterblog-am-29-1-2026\/","title":{"rendered":"Jochens Wetterblog am 29.1.2026"},"content":{"rendered":"\n<figure class=\"wp-block-image size-large\"><img loading=\"lazy\" decoding=\"async\" width=\"771\" height=\"1024\" src=\"https:\/\/www.bastel-bastel.de\/blog\/wp-content\/uploads\/2026\/01\/20250129_wetter-771x1024.jpeg\" alt=\"\" class=\"wp-image-12633\" srcset=\"https:\/\/www.bastel-bastel.de\/blog\/wp-content\/uploads\/2026\/01\/20250129_wetter-771x1024.jpeg 771w, https:\/\/www.bastel-bastel.de\/blog\/wp-content\/uploads\/2026\/01\/20250129_wetter-226x300.jpeg 226w, https:\/\/www.bastel-bastel.de\/blog\/wp-content\/uploads\/2026\/01\/20250129_wetter-768x1020.jpeg 768w, https:\/\/www.bastel-bastel.de\/blog\/wp-content\/uploads\/2026\/01\/20250129_wetter-1157x1536.jpeg 1157w, https:\/\/www.bastel-bastel.de\/blog\/wp-content\/uploads\/2026\/01\/20250129_wetter.jpeg 1205w\" sizes=\"auto, (max-width: 771px) 100vw, 771px\" \/><\/figure>\n\n\n\n<p><strong>R\u00fcckblick<\/strong><br>Jede Menge Schnee!<br>Die zur\u00fcckliegenden N\u00e4chte waren ziemlich frostig. Am Donnerstag fr\u00fch\u00a0lagen die Tiefstwerte bei fast -7 \u00b0C. Tags\u00fcber stiegen die Temperaturen\u00a0nur wenig \u00fcber den Gefrierpunkt.<br>Am Sonntag Abend begann es zu schneien. Die ganze Nacht hindurch fielen\u00a0die Flocken und am Montag lagen \u00fcber 10cm Neuschnee.<br>So viel, wie schon lange nicht mehr.<br>Genug f\u00fcr einige Behinderungen im Verkehr.<br>Lange liegen blieb die wei\u00dfe Pracht aber nicht.<br>Mit Temperaturen bis 6 \u00b0C und Regen schmolz der Schnee im Lauf des\u00a0Montags schnell dahin. Dabei wurde es teilweise gef\u00e4hrlich glatt, denn\u00a0der Boden war gefroren.<br>Am Dienstag wurden sogar knapp 8 \u00b0C erreicht. <\/p>\n\n\n\n<p>Es gab viel Nebel und tags\u00fcber auch Hochnebel. <br>Die Sonne schaffte es am\u00a0Sonntag und Montag nicht durch die Wolken. An den restlichen Tagen gab\u00a0<br>es jeweils bis 6 Sonnenstunden. Insgesamt kam die Woche auf 28 Stunden Sonnenschein.<\/p>\n\n\n\n<p><strong>Ausblick<\/strong><br>Es bleibt kalt. Die Temperaturen steigen in den n\u00e4chsten Tagen bis auf\u00a09\u00b0C, nachts kann es leichten Frost geben. Da immer wieder Regen,\u00a0Schneeregen oder Schnee m\u00f6glich ist, kann es glatt werden. Die Sonne\u00a0<br>zeigt sich nur selten. Es gibt viel Nebel und Wolken.<\/p>\n","protected":false},"excerpt":{"rendered":"<p>R\u00fcckblickJede Menge Schnee!Die zur\u00fcckliegenden N\u00e4chte waren ziemlich frostig. Am Donnerstag fr\u00fch\u00a0lagen die Tiefstwerte bei fast -7 \u00b0C. Tags\u00fcber stiegen die<\/p>\n","protected":false},"author":1,"featured_media":0,"comment_status":"open","ping_status":"","sticky":false,"template":"","format":"standard","meta":{"footnotes":""},"categories":[21],"tags":[],"class_list":["post-12632","post","type-post","status-publish","format-standard","hentry","category-wetter-der-blog-zu-www-ingersheimwetter-de"],"_links":{"self":[{"href":"https:\/\/www.bastel-bastel.de\/blog\/index.php\/wp-json\/wp\/v2\/posts\/12632","targetHints":{"allow":["GET"]}}],"collection":[{"href":"https:\/\/www.bastel-bastel.de\/blog\/index.php\/wp-json\/wp\/v2\/posts"}],"about":[{"href":"https:\/\/www.bastel-bastel.de\/blog\/index.php\/wp-json\/wp\/v2\/types\/post"}],"author":[{"embeddable":true,"href":"https:\/\/www.bastel-bastel.de\/blog\/index.php\/wp-json\/wp\/v2\/users\/1"}],"replies":[{"embeddable":true,"href":"https:\/\/www.bastel-bastel.de\/blog\/index.php\/wp-json\/wp\/v2\/comments?post=12632"}],"version-history":[{"count":1,"href":"https:\/\/www.bastel-bastel.de\/blog\/index.php\/wp-json\/wp\/v2\/posts\/12632\/revisions"}],"predecessor-version":[{"id":12634,"href":"https:\/\/www.bastel-bastel.de\/blog\/index.php\/wp-json\/wp\/v2\/posts\/12632\/revisions\/12634"}],"wp:attachment":[{"href":"https:\/\/www.bastel-bastel.de\/blog\/index.php\/wp-json\/wp\/v2\/media?parent=12632"}],"wp:term":[{"taxonomy":"category","embeddable":true,"href":"https:\/\/www.bastel-bastel.de\/blog\/index.php\/wp-json\/wp\/v2\/categories?post=12632"},{"taxonomy":"post_tag","embeddable":true,"href":"https:\/\/www.bastel-bastel.de\/blog\/index.php\/wp-json\/wp\/v2\/tags?post=12632"}],"curies":[{"name":"wp","href":"https:\/\/api.w.org\/{rel}","templated":true}]}}